{"id":8997,"date":"2026-04-08T03:29:20","date_gmt":"2026-04-08T03:29:20","guid":{"rendered":"https:\/\/ipixuna.am.gov.br\/?p=8997"},"modified":"2026-04-25T12:41:49","modified_gmt":"2026-04-25T12:41:49","slug":"edital-de-chamamento-publico-no-001-2026-credenciamento-para-pareceristas","status":"publish","type":"post","link":"https:\/\/ipixuna.am.gov.br\/2026\/04\/08\/edital-de-chamamento-publico-no-001-2026-credenciamento-para-pareceristas\/","title":{"rendered":"PARECERISTAS &#8211; Edital N\u00ba 001\/2026"},"content":{"rendered":"\n<div class=\"ipx-edital-single-box\">\n\n  <div class=\"ipx-destaque\">\n    <strong>Sobre o edital<\/strong><br>\n    Edital de Chamamento P\u00fablico n\u00ba 01\/2026 destinado ao credenciamento de pareceristas culturais para atua\u00e7\u00e3o na an\u00e1lise t\u00e9cnica de projetos culturais no \u00e2mbito da Pol\u00edtica Nacional Aldir Blanc de Fomento \u00e0 Cultura \u2013 PNAB.\n  <\/div>\n\n  <h2>Apresenta\u00e7\u00e3o<\/h2>\n\n  <p>\n    Ol\u00e1, agentes culturais do Munic\u00edpio de Ipixuna \u2013 Amazonas!\n  <\/p>\n\n  <p>\n    A Prefeitura Municipal de Ipixuna, por meio da Secretaria Municipal de Cultura e Turismo, no uso de suas atribui\u00e7\u00f5es legais, torna p\u00fablico o presente Edital de Chamamento P\u00fablico n\u00ba 01\/2026, destinado ao credenciamento de pareceristas culturais para atua\u00e7\u00e3o na an\u00e1lise t\u00e9cnica de projetos culturais no \u00e2mbito da Pol\u00edtica Nacional Aldir Blanc de Fomento \u00e0 Cultura \u2013 PNAB.\n  <\/p>\n\n  <p>\n    Este edital \u00e9 realizado com recursos do Governo Federal, repassados por meio da PNAB, institu\u00edda pela Lei n\u00ba 14.399\/2022, regulamentada pelos Decretos n\u00ba 11.740\/2023 e n\u00ba 11.453\/2023, al\u00e9m da Instru\u00e7\u00e3o Normativa MinC n\u00ba 10\/2023, que orienta a\u00e7\u00f5es afirmativas e acessibilidade no setor cultural.\n  <\/p>\n\n  <p>\n    O presente chamamento tem como objetivo selecionar e credenciar profissionais do setor cultural, residentes no munic\u00edpio de Ipixuna, para compor o banco de pareceristas respons\u00e1veis pela avalia\u00e7\u00e3o dos projetos inscritos nos editais promovidos pela Secretaria Municipal de Cultura e Turismo, contribuindo para a transpar\u00eancia, qualidade e democratiza\u00e7\u00e3o das pol\u00edticas p\u00fablicas de cultura no munic\u00edpio.\n  <\/p>\n\n  <h2>Informa\u00e7\u00f5es principais<\/h2>\n\n  <p><strong>O que \u00e9?<\/strong><br>\n  Chamamento p\u00fablico para credenciamento de pareceristas culturais que atuar\u00e3o na an\u00e1lise t\u00e9cnica de projetos inscritos nos editais da Secretaria Municipal de Cultura e Turismo.<\/p>\n\n  <p><strong>Quem pode participar?<\/strong><br>\n  Pessoas f\u00edsicas ou jur\u00eddicas (MEI), residentes e domiciliadas no munic\u00edpio de Ipixuna h\u00e1 pelo menos 5 anos, com qualifica\u00e7\u00e3o e experi\u00eancia na \u00e1rea cultural, conforme as exig\u00eancias do edital.<\/p>\n\n  <p><strong>Per\u00edodo de inscri\u00e7\u00e3o:<\/strong><br>\n  De 14 de abril de 2026 at\u00e9 as 17h do dia 24 de abril de 2026.<\/p>\n\n  <a href=\"https:\/\/drive.usercontent.google.com\/u\/0\/uc?id=1mu7aL4oo3jKcimKsrorLmIEeYLG0zkYS&#038;export=download\" target=\"_blank\" class=\"ipx-btn-principal\" rel=\"noopener\">\n    \ud83d\udcc4 Baixar edital completo\n  <\/a>\n\n  <h2>Arquivos do edital<\/h2>\n\n  <div class=\"ipx-arquivos\">\n    <a href=\"https:\/\/ipixuna.am.gov.br\/wp-content\/uploads\/2026\/04\/EDITAL-1-PARECERISTAS.pdf\" target=\"_blank\">\ud83d\udcc4 EDITAL 1 PARECERISTAS<\/a>\n    <a href=\"https:\/\/ipixuna.am.gov.br\/wp-content\/uploads\/2026\/04\/ANEXO-01-FORMULARIO-DE-INSCRICAO.docx\" target=\"_blank\">\ud83d\udcdd ANEXO 01 FORMUL\u00c1RIO DE INSCRI\u00c7\u00c3O<\/a>\n    <a href=\"https:\/\/ipixuna.am.gov.br\/wp-content\/uploads\/2026\/04\/ANEXO-02-CURRICULO-ARTISTICO.docx\" target=\"_blank\">\ud83d\udcdd ANEXO 02 CURR\u00cdCULO ART\u00cdSTICO<\/a>\n    <a href=\"https:\/\/ipixuna.am.gov.br\/wp-content\/uploads\/2026\/04\/ANEXO-03-DECLARACAO-DE-RESIDENCIA.docx\" target=\"_blank\">\ud83d\udcdd ANEXO 03 DECLARA\u00c7\u00c3O DE RESID\u00caNCIA<\/a>\n    <a href=\"https:\/\/ipixuna.am.gov.br\/wp-content\/uploads\/2026\/04\/ANEXO-04-CRONOGRAMA.docx\" target=\"_blank\">\ud83d\udcdd ANEXO 04 CRONOGRAMA<\/a>\n    <a href=\"https:\/\/ipixuna.am.gov.br\/wp-content\/uploads\/2026\/04\/ANEXO-05-FORMULARIO-DE-RECURSOS.docx\" target=\"_blank\">\ud83d\udcdd ANEXO 05 FORMUL\u00c1RIO DE RECURSOS<\/a>\n    <a href=\"https:\/\/ipixuna.am.gov.br\/wp-content\/uploads\/2026\/04\/ANEXO-06-FORMULARIO-DE-AUTODECLARACAO.docx\" target=\"_blank\">\ud83d\udcdd ANEXO 06 FORMUL\u00c1RIO DE AUTODECLARA\u00c7\u00c3O<\/a>\n    <a href=\"https:\/\/ipixuna.am.gov.br\/wp-content\/uploads\/2026\/04\/Publicacao-diario-oficial-pareceristas-01-2026.pdf\" target=\"_blank\">\ud83d\udcd1 PUBLICA\u00c7\u00c3O NO DI\u00c1RIO OFICIAL<\/a>\n  <\/div>\n\n<\/div>\n","protected":false},"excerpt":{"rendered":"<p>Sobre o edital Edital de Chamamento P\u00fablico n\u00ba 01\/2026 destinado ao credenciamento de pareceristas culturais para atua\u00e7\u00e3o na an\u00e1lise t\u00e9cnica de projetos culturais no \u00e2mbito da Pol\u00edtica Nacional Aldir Blanc de Fomento \u00e0 Cultura \u2013 PNAB. Apresenta\u00e7\u00e3o Ol\u00e1, agentes culturais do Munic\u00edpio de Ipixuna \u2013 Amazonas! A Prefeitura Municipal de Ipixuna, por meio da Secretaria Municipal de Cultura e Turismo, no uso de suas atribui\u00e7\u00f5es legais, torna p\u00fablico o presente Edital de Chamamento P\u00fablico n\u00ba 01\/2026, destinado ao credenciamento de pareceristas culturais para atua\u00e7\u00e3o na an\u00e1lise t\u00e9cnica de projetos culturais no \u00e2mbito da Pol\u00edtica Nacional Aldir Blanc de Fomento \u00e0 Cultura \u2013 PNAB. Este edital \u00e9 realizado com recursos do Governo Federal, repassados por meio da PNAB, institu\u00edda pela Lei n\u00ba 14.399\/2022, regulamentada pelos Decretos n\u00ba 11.740\/2023 e n\u00ba 11.453\/2023, al\u00e9m da Instru\u00e7\u00e3o Normativa MinC n\u00ba 10\/2023, que orienta a\u00e7\u00f5es afirmativas e acessibilidade no setor cultural. O presente chamamento tem como objetivo selecionar e credenciar profissionais do setor cultural, residentes no munic\u00edpio de Ipixuna, para compor o banco de pareceristas respons\u00e1veis pela avalia\u00e7\u00e3o dos projetos inscritos nos editais promovidos pela Secretaria Municipal de Cultura e Turismo, contribuindo para a transpar\u00eancia, qualidade e democratiza\u00e7\u00e3o das pol\u00edticas p\u00fablicas de cultura no munic\u00edpio. Informa\u00e7\u00f5es principais O que \u00e9? Chamamento p\u00fablico para credenciamento de pareceristas culturais que atuar\u00e3o na an\u00e1lise t\u00e9cnica de projetos inscritos nos editais da Secretaria Municipal de Cultura e Turismo. Quem pode participar? Pessoas f\u00edsicas ou jur\u00eddicas (MEI), residentes e domiciliadas no munic\u00edpio de Ipixuna h\u00e1 pelo menos 5 anos, com qualifica\u00e7\u00e3o e experi\u00eancia na \u00e1rea cultural, conforme as exig\u00eancias do edital. Per\u00edodo de inscri\u00e7\u00e3o: De 14 de abril de 2026 at\u00e9 as 17h do dia 24 de abril de 2026. \ud83d\udcc4 Baixar edital completo Arquivos do edital \ud83d\udcc4 EDITAL 1 PARECERISTAS \ud83d\udcdd ANEXO 01 FORMUL\u00c1RIO DE INSCRI\u00c7\u00c3O \ud83d\udcdd ANEXO 02 CURR\u00cdCULO ART\u00cdSTICO \ud83d\udcdd ANEXO 03 DECLARA\u00c7\u00c3O DE RESID\u00caNCIA \ud83d\udcdd ANEXO 04 CRONOGRAMA \ud83d\udcdd ANEXO 05 FORMUL\u00c1RIO DE RECURSOS \ud83d\udcdd ANEXO 06 FORMUL\u00c1RIO DE AUTODECLARA\u00c7\u00c3O \ud83d\udcd1 PUBLICA\u00c7\u00c3O NO DI\u00c1RIO OFICIAL<\/p>\n","protected":false},"author":3,"featured_media":9070,"comment_status":"closed","ping_status":"open","sticky":false,"template":"","format":"standard","meta":{"footnotes":""},"categories":[95],"tags":[94,106],"class_list":["post-8997","post","type-post","status-publish","format-standard","has-post-thumbnail","hentry","category-editais","tag-94","tag-em-andamento","entry"],"_links":{"self":[{"href":"https:\/\/ipixuna.am.gov.br\/wp-json\/wp\/v2\/posts\/8997","targetHints":{"allow":["GET"]}}],"collection":[{"href":"https:\/\/ipixuna.am.gov.br\/wp-json\/wp\/v2\/posts"}],"about":[{"href":"https:\/\/ipixuna.am.gov.br\/wp-json\/wp\/v2\/types\/post"}],"author":[{"embeddable":true,"href":"https:\/\/ipixuna.am.gov.br\/wp-json\/wp\/v2\/users\/3"}],"replies":[{"embeddable":true,"href":"https:\/\/ipixuna.am.gov.br\/wp-json\/wp\/v2\/comments?post=8997"}],"version-history":[{"count":9,"href":"https:\/\/ipixuna.am.gov.br\/wp-json\/wp\/v2\/posts\/8997\/revisions"}],"predecessor-version":[{"id":9189,"href":"https:\/\/ipixuna.am.gov.br\/wp-json\/wp\/v2\/posts\/8997\/revisions\/9189"}],"wp:featuredmedia":[{"embeddable":true,"href":"https:\/\/ipixuna.am.gov.br\/wp-json\/wp\/v2\/media\/9070"}],"wp:attachment":[{"href":"https:\/\/ipixuna.am.gov.br\/wp-json\/wp\/v2\/media?parent=8997"}],"wp:term":[{"taxonomy":"category","embeddable":true,"href":"https:\/\/ipixuna.am.gov.br\/wp-json\/wp\/v2\/categories?post=8997"},{"taxonomy":"post_tag","embeddable":true,"href":"https:\/\/ipixuna.am.gov.br\/wp-json\/wp\/v2\/tags?post=8997"}],"curies":[{"name":"wp","href":"https:\/\/api.w.org\/{rel}","templated":true}]}}