{"id":7228,"date":"2026-03-10T21:23:30","date_gmt":"2026-03-10T21:23:30","guid":{"rendered":"https:\/\/ipixuna.am.gov.br\/index.php\/2026\/03\/10\/aditivo-no-008-2026\/"},"modified":"2026-03-10T21:23:30","modified_gmt":"2026-03-10T21:23:30","slug":"aditivo-no-008-2026","status":"publish","type":"post","link":"https:\/\/ipixuna.am.gov.br\/2026\/03\/10\/aditivo-no-008-2026\/","title":{"rendered":"ADITIVO N\u00ba 008\/2026"},"content":{"rendered":"<p>Constru\u00e7\u00e3o de unidade b\u00e1sica de sa\u00fade porte I na comunidade Porto Alegre zona rural do munic\u00edpio de Ipixuna.<\/p>\n","protected":false},"excerpt":{"rendered":"<p>Constru\u00e7\u00e3o de unidade b\u00e1sica de sa\u00fade porte I na comunidade Porto Alegre zona rural do munic\u00edpio de Ipixuna.<\/p>\n","protected":false},"author":2,"featured_media":0,"comment_status":"closed","ping_status":"open","sticky":false,"template":"","format":"standard","meta":{"footnotes":""},"categories":[22],"tags":[],"class_list":["post-7228","post","type-post","status-publish","format-standard","hentry","category-contratos-e-aditivos","entry"],"_links":{"self":[{"href":"https:\/\/ipixuna.am.gov.br\/wp-json\/wp\/v2\/posts\/7228","targetHints":{"allow":["GET"]}}],"collection":[{"href":"https:\/\/ipixuna.am.gov.br\/wp-json\/wp\/v2\/posts"}],"about":[{"href":"https:\/\/ipixuna.am.gov.br\/wp-json\/wp\/v2\/types\/post"}],"author":[{"embeddable":true,"href":"https:\/\/ipixuna.am.gov.br\/wp-json\/wp\/v2\/users\/2"}],"replies":[{"embeddable":true,"href":"https:\/\/ipixuna.am.gov.br\/wp-json\/wp\/v2\/comments?post=7228"}],"version-history":[{"count":1,"href":"https:\/\/ipixuna.am.gov.br\/wp-json\/wp\/v2\/posts\/7228\/revisions"}],"predecessor-version":[{"id":7229,"href":"https:\/\/ipixuna.am.gov.br\/wp-json\/wp\/v2\/posts\/7228\/revisions\/7229"}],"wp:attachment":[{"href":"https:\/\/ipixuna.am.gov.br\/wp-json\/wp\/v2\/media?parent=7228"}],"wp:term":[{"taxonomy":"category","embeddable":true,"href":"https:\/\/ipixuna.am.gov.br\/wp-json\/wp\/v2\/categories?post=7228"},{"taxonomy":"post_tag","embeddable":true,"href":"https:\/\/ipixuna.am.gov.br\/wp-json\/wp\/v2\/tags?post=7228"}],"curies":[{"name":"wp","href":"https:\/\/api.w.org\/{rel}","templated":true}]}}