{"id":7224,"date":"2026-03-10T21:12:55","date_gmt":"2026-03-10T21:12:55","guid":{"rendered":"https:\/\/ipixuna.am.gov.br\/index.php\/2026\/03\/10\/aditivo-no-012-2026\/"},"modified":"2026-03-10T21:12:55","modified_gmt":"2026-03-10T21:12:55","slug":"aditivo-no-012-2026","status":"publish","type":"post","link":"https:\/\/ipixuna.am.gov.br\/2026\/03\/10\/aditivo-no-012-2026\/","title":{"rendered":"ADITIVO N\u00ba 012\/2026"},"content":{"rendered":"<p>Loca\u00e7\u00e3o de um im\u00f3vel como anexo da secretaria de assist\u00eancia social destinado as atividades do Bolsa Fam\u00edlia.<\/p>\n","protected":false},"excerpt":{"rendered":"<p>Loca\u00e7\u00e3o de um im\u00f3vel como anexo da secretaria de assist\u00eancia social destinado as atividades do Bolsa Fam\u00edlia.<\/p>\n","protected":false},"author":2,"featured_media":0,"comment_status":"closed","ping_status":"open","sticky":false,"template":"","format":"standard","meta":{"footnotes":""},"categories":[22],"tags":[],"class_list":["post-7224","post","type-post","status-publish","format-standard","hentry","category-contratos-e-aditivos","entry"],"_links":{"self":[{"href":"https:\/\/ipixuna.am.gov.br\/wp-json\/wp\/v2\/posts\/7224","targetHints":{"allow":["GET"]}}],"collection":[{"href":"https:\/\/ipixuna.am.gov.br\/wp-json\/wp\/v2\/posts"}],"about":[{"href":"https:\/\/ipixuna.am.gov.br\/wp-json\/wp\/v2\/types\/post"}],"author":[{"embeddable":true,"href":"https:\/\/ipixuna.am.gov.br\/wp-json\/wp\/v2\/users\/2"}],"replies":[{"embeddable":true,"href":"https:\/\/ipixuna.am.gov.br\/wp-json\/wp\/v2\/comments?post=7224"}],"version-history":[{"count":1,"href":"https:\/\/ipixuna.am.gov.br\/wp-json\/wp\/v2\/posts\/7224\/revisions"}],"predecessor-version":[{"id":7225,"href":"https:\/\/ipixuna.am.gov.br\/wp-json\/wp\/v2\/posts\/7224\/revisions\/7225"}],"wp:attachment":[{"href":"https:\/\/ipixuna.am.gov.br\/wp-json\/wp\/v2\/media?parent=7224"}],"wp:term":[{"taxonomy":"category","embeddable":true,"href":"https:\/\/ipixuna.am.gov.br\/wp-json\/wp\/v2\/categories?post=7224"},{"taxonomy":"post_tag","embeddable":true,"href":"https:\/\/ipixuna.am.gov.br\/wp-json\/wp\/v2\/tags?post=7224"}],"curies":[{"name":"wp","href":"https:\/\/api.w.org\/{rel}","templated":true}]}}