{"id":7199,"date":"2026-03-05T19:14:35","date_gmt":"2026-03-05T19:14:35","guid":{"rendered":"https:\/\/ipixuna.am.gov.br\/index.php\/2026\/03\/05\/dispensa-no-033-2025\/"},"modified":"2026-03-05T19:14:35","modified_gmt":"2026-03-05T19:14:35","slug":"dispensa-no-033-2025","status":"publish","type":"post","link":"https:\/\/ipixuna.am.gov.br\/2026\/03\/05\/dispensa-no-033-2025\/","title":{"rendered":"DISPENSA N\u00ba 033\/2025"},"content":{"rendered":"<p>Aquisi\u00e7\u00e3o de 1.950 \u00e1gua mineral com vasilhame de 20lt a ser utilizado na a\u00e7\u00e3o emergencial para doa\u00e7\u00e3o as fam\u00edlias afetadas pela seca extrema do Rio Juru\u00e1 e seus afluentes.<\/p>\n","protected":false},"excerpt":{"rendered":"<p>Aquisi\u00e7\u00e3o de 1.950 \u00e1gua mineral com vasilhame de 20lt a ser utilizado na a\u00e7\u00e3o emergencial para doa\u00e7\u00e3o as fam\u00edlias afetadas pela seca extrema do Rio Juru\u00e1 e seus afluentes.<\/p>\n","protected":false},"author":2,"featured_media":0,"comment_status":"closed","ping_status":"open","sticky":false,"template":"","format":"standard","meta":{"footnotes":""},"categories":[27],"tags":[],"class_list":["post-7199","post","type-post","status-publish","format-standard","hentry","category-dispensa-de-licitacao","entry"],"_links":{"self":[{"href":"https:\/\/ipixuna.am.gov.br\/wp-json\/wp\/v2\/posts\/7199","targetHints":{"allow":["GET"]}}],"collection":[{"href":"https:\/\/ipixuna.am.gov.br\/wp-json\/wp\/v2\/posts"}],"about":[{"href":"https:\/\/ipixuna.am.gov.br\/wp-json\/wp\/v2\/types\/post"}],"author":[{"embeddable":true,"href":"https:\/\/ipixuna.am.gov.br\/wp-json\/wp\/v2\/users\/2"}],"replies":[{"embeddable":true,"href":"https:\/\/ipixuna.am.gov.br\/wp-json\/wp\/v2\/comments?post=7199"}],"version-history":[{"count":1,"href":"https:\/\/ipixuna.am.gov.br\/wp-json\/wp\/v2\/posts\/7199\/revisions"}],"predecessor-version":[{"id":7200,"href":"https:\/\/ipixuna.am.gov.br\/wp-json\/wp\/v2\/posts\/7199\/revisions\/7200"}],"wp:attachment":[{"href":"https:\/\/ipixuna.am.gov.br\/wp-json\/wp\/v2\/media?parent=7199"}],"wp:term":[{"taxonomy":"category","embeddable":true,"href":"https:\/\/ipixuna.am.gov.br\/wp-json\/wp\/v2\/categories?post=7199"},{"taxonomy":"post_tag","embeddable":true,"href":"https:\/\/ipixuna.am.gov.br\/wp-json\/wp\/v2\/tags?post=7199"}],"curies":[{"name":"wp","href":"https:\/\/api.w.org\/{rel}","templated":true}]}}