{"id":6880,"date":"2026-01-07T19:31:41","date_gmt":"2026-01-07T19:31:41","guid":{"rendered":"https:\/\/ipixuna.am.gov.br\/index.php\/2026\/01\/07\/plano-anual-de-contratacao-2026\/"},"modified":"2026-01-08T13:37:46","modified_gmt":"2026-01-08T13:37:46","slug":"plano-anual-de-contratacao-2026","status":"publish","type":"post","link":"https:\/\/ipixuna.am.gov.br\/2026\/01\/07\/plano-anual-de-contratacao-2026\/","title":{"rendered":"PLANO ANUAL DE CONTRATA\u00c7\u00c3O EXERC\u00cdCIO 2026"},"content":{"rendered":"<p>O Plano de Contrata\u00e7\u00e3o Anual (PCA) \u00e9 uma inova\u00e7\u00e3o trazida pela Lei 14.133, de 1\u00ba de abril de 2021, a Nova Lei de Licita\u00e7\u00f5es e Contratos Administrativos (NLLC), e foi regulamentado pelo Decreto n\u00ba 136\/2023 \u2013 GAB\/PREF.<\/p>\n","protected":false},"excerpt":{"rendered":"<p>O Plano de Contrata\u00e7\u00e3o Anual (PCA) \u00e9 uma inova\u00e7\u00e3o trazida pela Lei 14.133, de 1\u00ba de abril de 2021, a Nova Lei de Licita\u00e7\u00f5es e Contratos Administrativos (NLLC), e foi regulamentado pelo Decreto n\u00ba 136\/2023 \u2013 GAB\/PREF.<\/p>\n","protected":false},"author":2,"featured_media":0,"comment_status":"closed","ping_status":"open","sticky":false,"template":"","format":"standard","meta":{"footnotes":""},"categories":[85],"tags":[],"class_list":["post-6880","post","type-post","status-publish","format-standard","hentry","category-plano-anual-de-contratacao","entry"],"_links":{"self":[{"href":"https:\/\/ipixuna.am.gov.br\/wp-json\/wp\/v2\/posts\/6880","targetHints":{"allow":["GET"]}}],"collection":[{"href":"https:\/\/ipixuna.am.gov.br\/wp-json\/wp\/v2\/posts"}],"about":[{"href":"https:\/\/ipixuna.am.gov.br\/wp-json\/wp\/v2\/types\/post"}],"author":[{"embeddable":true,"href":"https:\/\/ipixuna.am.gov.br\/wp-json\/wp\/v2\/users\/2"}],"replies":[{"embeddable":true,"href":"https:\/\/ipixuna.am.gov.br\/wp-json\/wp\/v2\/comments?post=6880"}],"version-history":[{"count":3,"href":"https:\/\/ipixuna.am.gov.br\/wp-json\/wp\/v2\/posts\/6880\/revisions"}],"predecessor-version":[{"id":6944,"href":"https:\/\/ipixuna.am.gov.br\/wp-json\/wp\/v2\/posts\/6880\/revisions\/6944"}],"wp:attachment":[{"href":"https:\/\/ipixuna.am.gov.br\/wp-json\/wp\/v2\/media?parent=6880"}],"wp:term":[{"taxonomy":"category","embeddable":true,"href":"https:\/\/ipixuna.am.gov.br\/wp-json\/wp\/v2\/categories?post=6880"},{"taxonomy":"post_tag","embeddable":true,"href":"https:\/\/ipixuna.am.gov.br\/wp-json\/wp\/v2\/tags?post=6880"}],"curies":[{"name":"wp","href":"https:\/\/api.w.org\/{rel}","templated":true}]}}