{"id":6775,"date":"2025-12-16T19:42:46","date_gmt":"2025-12-16T19:42:46","guid":{"rendered":"https:\/\/ipixuna.am.gov.br\/?p=6775"},"modified":"2025-12-16T19:42:47","modified_gmt":"2025-12-16T19:42:47","slug":"comunicado-importante","status":"publish","type":"post","link":"https:\/\/ipixuna.am.gov.br\/2025\/12\/16\/comunicado-importante\/","title":{"rendered":"COMUNICADO IMPORTANTE"},"content":{"rendered":"\n<p>A Prefeitura Municipal de Ipixuna informa que, no m\u00eas de dezembro, j\u00e1 foi realizado o pagamento do D\u00e9cimo Terceiro Sal\u00e1rio dos servidores efetivos, bem como do D\u00e9cimo <a><\/a>Terceiro referente ao Piso da Enfermagem, beneficiando t\u00e9cnicos de enfermagem e enfermeiros.<\/p>\n\n\n\n<p>Informa ainda que, nesta segunda-feira, 15 de dezembro, foi realizado o pagamento do D\u00e9cimo Terceiro Sal\u00e1rio dos professores e monitores contratados, vinculados ao Fundo de Manuten\u00e7\u00e3o e Desenvolvimento da Educa\u00e7\u00e3o B\u00e1sica (FUNDEB).<\/p>\n\n\n\n<p>A Prefeitura esclarece que n\u00e3o procedem as informa\u00e7\u00f5es divulgadas sobre a exist\u00eancia de sal\u00e1rios atrasados, reafirmando o compromisso da gest\u00e3o com a transpar\u00eancia, a responsabilidade fiscal e a organiza\u00e7\u00e3o das contas p\u00fablicas.<\/p>\n\n\n\n<p><strong>Prefeitura de Ipixuna \u2013 O trabalho continua.<\/strong><\/p>\n\n\n\n<p><\/p>\n","protected":false},"excerpt":{"rendered":"<p>A Prefeitura Municipal de Ipixuna informa que, no m\u00eas de dezembro, j\u00e1 foi realizado o pagamento do D\u00e9cimo Terceiro Sal\u00e1rio dos servidores efetivos, bem como do D\u00e9cimo Terceiro referente ao Piso da Enfermagem, beneficiando t\u00e9cnicos de enfermagem e enfermeiros. Informa ainda que, nesta segunda-feira, 15 de dezembro, foi realizado o pagamento do D\u00e9cimo Terceiro Sal\u00e1rio dos professores e monitores contratados, vinculados ao Fundo de Manuten\u00e7\u00e3o e Desenvolvimento da Educa\u00e7\u00e3o B\u00e1sica (FUNDEB). A Prefeitura esclarece que n\u00e3o procedem as informa\u00e7\u00f5es divulgadas sobre a exist\u00eancia de sal\u00e1rios atrasados, reafirmando o compromisso da gest\u00e3o com a transpar\u00eancia, a responsabilidade fiscal e a organiza\u00e7\u00e3o das contas p\u00fablicas. Prefeitura de Ipixuna \u2013 O trabalho continua.<\/p>\n","protected":false},"author":3,"featured_media":6774,"comment_status":"closed","ping_status":"open","sticky":false,"template":"","format":"standard","meta":{"footnotes":""},"categories":[65],"tags":[],"class_list":["post-6775","post","type-post","status-publish","format-standard","has-post-thumbnail","hentry","category-ultimas-noticias","entry"],"_links":{"self":[{"href":"https:\/\/ipixuna.am.gov.br\/wp-json\/wp\/v2\/posts\/6775","targetHints":{"allow":["GET"]}}],"collection":[{"href":"https:\/\/ipixuna.am.gov.br\/wp-json\/wp\/v2\/posts"}],"about":[{"href":"https:\/\/ipixuna.am.gov.br\/wp-json\/wp\/v2\/types\/post"}],"author":[{"embeddable":true,"href":"https:\/\/ipixuna.am.gov.br\/wp-json\/wp\/v2\/users\/3"}],"replies":[{"embeddable":true,"href":"https:\/\/ipixuna.am.gov.br\/wp-json\/wp\/v2\/comments?post=6775"}],"version-history":[{"count":1,"href":"https:\/\/ipixuna.am.gov.br\/wp-json\/wp\/v2\/posts\/6775\/revisions"}],"predecessor-version":[{"id":6776,"href":"https:\/\/ipixuna.am.gov.br\/wp-json\/wp\/v2\/posts\/6775\/revisions\/6776"}],"wp:featuredmedia":[{"embeddable":true,"href":"https:\/\/ipixuna.am.gov.br\/wp-json\/wp\/v2\/media\/6774"}],"wp:attachment":[{"href":"https:\/\/ipixuna.am.gov.br\/wp-json\/wp\/v2\/media?parent=6775"}],"wp:term":[{"taxonomy":"category","embeddable":true,"href":"https:\/\/ipixuna.am.gov.br\/wp-json\/wp\/v2\/categories?post=6775"},{"taxonomy":"post_tag","embeddable":true,"href":"https:\/\/ipixuna.am.gov.br\/wp-json\/wp\/v2\/tags?post=6775"}],"curies":[{"name":"wp","href":"https:\/\/api.w.org\/{rel}","templated":true}]}}