{"id":6646,"date":"2025-12-02T02:04:44","date_gmt":"2025-12-02T02:04:44","guid":{"rendered":"https:\/\/ipixuna.am.gov.br\/?p=6646"},"modified":"2025-12-02T02:06:30","modified_gmt":"2025-12-02T02:06:30","slug":"ipixuna-na-luta-contra-a-aids-prevencao-e-combate-ao-preconceito","status":"publish","type":"post","link":"https:\/\/ipixuna.am.gov.br\/2025\/12\/02\/ipixuna-na-luta-contra-a-aids-prevencao-e-combate-ao-preconceito\/","title":{"rendered":"Ipixuna na Luta contra a AIDS: Preven\u00e7\u00e3o e Combate ao Preconceito"},"content":{"rendered":"\t\t<div data-elementor-type=\"wp-post\" data-elementor-id=\"6646\" class=\"elementor elementor-6646\" data-elementor-post-type=\"post\">\n\t\t\t\t<div class=\"elementor-element elementor-element-ebcfe4a e-flex e-con-boxed wpr-particle-no wpr-jarallax-no wpr-parallax-no wpr-sticky-section-no e-con e-parent\" data-id=\"ebcfe4a\" data-element_type=\"container\" data-e-type=\"container\">\n\t\t\t\t\t<div class=\"e-con-inner\">\n\t\t<div class=\"elementor-element elementor-element-5c4a8ba e-con-full e-flex wpr-particle-no wpr-jarallax-no wpr-parallax-no wpr-sticky-section-no e-con e-child\" data-id=\"5c4a8ba\" data-element_type=\"container\" data-e-type=\"container\">\n\t\t\t\t<div class=\"elementor-element elementor-element-57919e1 elementor-widget elementor-widget-text-editor\" data-id=\"57919e1\" data-element_type=\"widget\" data-e-type=\"widget\" data-widget_type=\"text-editor.default\">\n\t\t\t\t<div class=\"elementor-widget-container\">\n\t\t\t\t\t\t\t\t\t<div class=\"xdj266r x14z9mp xat24cr x1lziwak x1vvkbs x126k92a\"><div dir=\"auto\">No Dia Mundial de Luta contra a AIDS, a Prefeitura de Ipixuna refor\u00e7a a import\u00e2ncia da informa\u00e7\u00e3o, da preven\u00e7\u00e3o e, acima de tudo, do respeito. A data chama aten\u00e7\u00e3o para a necessidade de combater o preconceito e incentivar o cuidado com a pr\u00f3pria sa\u00fade e a de toda a comunidade.<\/div><\/div><div class=\"x14z9mp xat24cr x1lziwak x1vvkbs xtlvy1s x126k92a\"><div dir=\"auto\">A Secretaria Municipal de Sa\u00fade destaca que o combate ao HIV\/AIDS passa por a\u00e7\u00f5es cont\u00ednuas de orienta\u00e7\u00e3o, testagem r\u00e1pida, distribui\u00e7\u00e3o de preservativos e acompanhamento especializado. Hoje, mais do que nunca, o refor\u00e7o \u00e9 claro: n\u00e3o ao preconceito, sim \u00e0 luta.<\/div><\/div><div class=\"x14z9mp xat24cr x1lziwak x1vvkbs xtlvy1s x126k92a\"><div dir=\"auto\">\u00a0<\/div><div dir=\"auto\"><strong>Prefeitura de Ipixuna &#8211; O trabalho<\/strong> <strong>continua!<\/strong><\/div><\/div>\t\t\t\t\t\t\t\t<\/div>\n\t\t\t\t<\/div>\n\t\t\t\t<\/div>\n\t\t<div class=\"elementor-element elementor-element-85612c6 e-con-full e-flex wpr-particle-no wpr-jarallax-no wpr-parallax-no wpr-sticky-section-no e-con e-child\" data-id=\"85612c6\" data-element_type=\"container\" data-e-type=\"container\">\n\t\t\t\t<div class=\"elementor-element elementor-element-017ef3b elementor-arrows-position-inside elementor-pagination-position-outside elementor-widget elementor-widget-image-carousel\" data-id=\"017ef3b\" data-element_type=\"widget\" data-e-type=\"widget\" data-settings=\"{&quot;slides_to_show&quot;:&quot;1&quot;,&quot;navigation&quot;:&quot;both&quot;,&quot;autoplay&quot;:&quot;yes&quot;,&quot;pause_on_hover&quot;:&quot;yes&quot;,&quot;pause_on_interaction&quot;:&quot;yes&quot;,&quot;autoplay_speed&quot;:5000,&quot;infinite&quot;:&quot;yes&quot;,&quot;effect&quot;:&quot;slide&quot;,&quot;speed&quot;:500}\" data-widget_type=\"image-carousel.default\">\n\t\t\t\t<div class=\"elementor-widget-container\">\n\t\t\t\t\t\t\t<div class=\"elementor-image-carousel-wrapper swiper\" role=\"region\" aria-roledescription=\"carousel\" aria-label=\"Carrossel de imagens\" dir=\"ltr\">\n\t\t\t<div class=\"elementor-image-carousel swiper-wrapper\" aria-live=\"off\">\n\t\t\t\t\t\t\t\t<div class=\"swiper-slide\" role=\"group\" aria-roledescription=\"slide\" aria-label=\"1 de 1\"><figure class=\"swiper-slide-inner\"><img decoding=\"async\" class=\"swiper-slide-image\" src=\"https:\/\/ipixuna.am.gov.br\/wp-content\/uploads\/2025\/12\/hiv.jpeg\" alt=\"hiv\" \/><\/figure><\/div>\t\t\t<\/div>\n\t\t\t\t\t<\/div>\n\t\t\t\t\t\t<\/div>\n\t\t\t\t<\/div>\n\t\t\t\t<\/div>\n\t\t\t\t\t<\/div>\n\t\t\t\t<\/div>\n\t\t\t\t<\/div>\n\t\t","protected":false},"excerpt":{"rendered":"<p>No Dia Mundial de Luta contra a AIDS, a Prefeitura de Ipixuna refor\u00e7a a import\u00e2ncia da informa\u00e7\u00e3o, da preven\u00e7\u00e3o e, acima de tudo, do respeito. A data chama aten\u00e7\u00e3o para a necessidade de combater o preconceito e incentivar o cuidado com a pr\u00f3pria sa\u00fade e a de toda a comunidade.A Secretaria Municipal de Sa\u00fade destaca que o combate ao HIV\/AIDS passa por a\u00e7\u00f5es cont\u00ednuas de orienta\u00e7\u00e3o, testagem r\u00e1pida, distribui\u00e7\u00e3o de preservativos e acompanhamento especializado. Hoje, mais do que nunca, o refor\u00e7o \u00e9 claro: n\u00e3o ao preconceito, sim \u00e0 luta.\u00a0Prefeitura de Ipixuna &#8211; O trabalho continua!<\/p>\n","protected":false},"author":3,"featured_media":6645,"comment_status":"closed","ping_status":"open","sticky":false,"template":"","format":"standard","meta":{"footnotes":""},"categories":[66],"tags":[],"class_list":["post-6646","post","type-post","status-publish","format-standard","has-post-thumbnail","hentry","category-saude","entry"],"_links":{"self":[{"href":"https:\/\/ipixuna.am.gov.br\/wp-json\/wp\/v2\/posts\/6646","targetHints":{"allow":["GET"]}}],"collection":[{"href":"https:\/\/ipixuna.am.gov.br\/wp-json\/wp\/v2\/posts"}],"about":[{"href":"https:\/\/ipixuna.am.gov.br\/wp-json\/wp\/v2\/types\/post"}],"author":[{"embeddable":true,"href":"https:\/\/ipixuna.am.gov.br\/wp-json\/wp\/v2\/users\/3"}],"replies":[{"embeddable":true,"href":"https:\/\/ipixuna.am.gov.br\/wp-json\/wp\/v2\/comments?post=6646"}],"version-history":[{"count":4,"href":"https:\/\/ipixuna.am.gov.br\/wp-json\/wp\/v2\/posts\/6646\/revisions"}],"predecessor-version":[{"id":6650,"href":"https:\/\/ipixuna.am.gov.br\/wp-json\/wp\/v2\/posts\/6646\/revisions\/6650"}],"wp:featuredmedia":[{"embeddable":true,"href":"https:\/\/ipixuna.am.gov.br\/wp-json\/wp\/v2\/media\/6645"}],"wp:attachment":[{"href":"https:\/\/ipixuna.am.gov.br\/wp-json\/wp\/v2\/media?parent=6646"}],"wp:term":[{"taxonomy":"category","embeddable":true,"href":"https:\/\/ipixuna.am.gov.br\/wp-json\/wp\/v2\/categories?post=6646"},{"taxonomy":"post_tag","embeddable":true,"href":"https:\/\/ipixuna.am.gov.br\/wp-json\/wp\/v2\/tags?post=6646"}],"curies":[{"name":"wp","href":"https:\/\/api.w.org\/{rel}","templated":true}]}}