{"id":5994,"date":"2025-10-08T21:10:52","date_gmt":"2025-10-08T21:10:52","guid":{"rendered":"https:\/\/ipixuna.am.gov.br\/index.php\/2025\/10\/08\/pregao-no-035-2025\/"},"modified":"2025-10-08T21:10:52","modified_gmt":"2025-10-08T21:10:52","slug":"pregao-no-035-2025","status":"publish","type":"post","link":"https:\/\/ipixuna.am.gov.br\/2025\/10\/08\/pregao-no-035-2025\/","title":{"rendered":"PREG\u00c3O N\u00ba 035\/2025"},"content":{"rendered":"<p>Servi\u00e7o de fornecimento de medicamentos b\u00e1sicos, destinado atender as necessidades da Secretaria Municipal de Sa\u00fade.<\/p>\n","protected":false},"excerpt":{"rendered":"<p>Servi\u00e7o de fornecimento de medicamentos b\u00e1sicos, destinado atender as necessidades da Secretaria Municipal de Sa\u00fade.<\/p>\n","protected":false},"author":2,"featured_media":0,"comment_status":"closed","ping_status":"open","sticky":false,"template":"","format":"standard","meta":{"footnotes":""},"categories":[30],"tags":[],"class_list":["post-5994","post","type-post","status-publish","format-standard","hentry","category-pregao-presencial","entry"],"_links":{"self":[{"href":"https:\/\/ipixuna.am.gov.br\/wp-json\/wp\/v2\/posts\/5994","targetHints":{"allow":["GET"]}}],"collection":[{"href":"https:\/\/ipixuna.am.gov.br\/wp-json\/wp\/v2\/posts"}],"about":[{"href":"https:\/\/ipixuna.am.gov.br\/wp-json\/wp\/v2\/types\/post"}],"author":[{"embeddable":true,"href":"https:\/\/ipixuna.am.gov.br\/wp-json\/wp\/v2\/users\/2"}],"replies":[{"embeddable":true,"href":"https:\/\/ipixuna.am.gov.br\/wp-json\/wp\/v2\/comments?post=5994"}],"version-history":[{"count":1,"href":"https:\/\/ipixuna.am.gov.br\/wp-json\/wp\/v2\/posts\/5994\/revisions"}],"predecessor-version":[{"id":5995,"href":"https:\/\/ipixuna.am.gov.br\/wp-json\/wp\/v2\/posts\/5994\/revisions\/5995"}],"wp:attachment":[{"href":"https:\/\/ipixuna.am.gov.br\/wp-json\/wp\/v2\/media?parent=5994"}],"wp:term":[{"taxonomy":"category","embeddable":true,"href":"https:\/\/ipixuna.am.gov.br\/wp-json\/wp\/v2\/categories?post=5994"},{"taxonomy":"post_tag","embeddable":true,"href":"https:\/\/ipixuna.am.gov.br\/wp-json\/wp\/v2\/tags?post=5994"}],"curies":[{"name":"wp","href":"https:\/\/api.w.org\/{rel}","templated":true}]}}