{"id":5922,"date":"2025-10-01T15:38:02","date_gmt":"2025-10-01T15:38:02","guid":{"rendered":"https:\/\/ipixuna.am.gov.br\/index.php\/2025\/10\/01\/pregao-no-026-2025\/"},"modified":"2025-10-01T15:38:02","modified_gmt":"2025-10-01T15:38:02","slug":"pregao-no-026-2025","status":"publish","type":"post","link":"https:\/\/ipixuna.am.gov.br\/2025\/10\/01\/pregao-no-026-2025\/","title":{"rendered":"PREG\u00c3O N\u00ba 026\/2025"},"content":{"rendered":"<p>Fornecimento de g\u00eaneros aliment\u00edcios, destinado atender as necessidades da Secretaria Municipal de Assist\u00eancia Social.<\/p>\n","protected":false},"excerpt":{"rendered":"<p>Fornecimento de g\u00eaneros aliment\u00edcios, destinado atender as necessidades da Secretaria Municipal de Assist\u00eancia Social.<\/p>\n","protected":false},"author":2,"featured_media":0,"comment_status":"closed","ping_status":"open","sticky":false,"template":"","format":"standard","meta":{"footnotes":""},"categories":[30],"tags":[],"class_list":["post-5922","post","type-post","status-publish","format-standard","hentry","category-pregao-presencial","entry"],"_links":{"self":[{"href":"https:\/\/ipixuna.am.gov.br\/wp-json\/wp\/v2\/posts\/5922","targetHints":{"allow":["GET"]}}],"collection":[{"href":"https:\/\/ipixuna.am.gov.br\/wp-json\/wp\/v2\/posts"}],"about":[{"href":"https:\/\/ipixuna.am.gov.br\/wp-json\/wp\/v2\/types\/post"}],"author":[{"embeddable":true,"href":"https:\/\/ipixuna.am.gov.br\/wp-json\/wp\/v2\/users\/2"}],"replies":[{"embeddable":true,"href":"https:\/\/ipixuna.am.gov.br\/wp-json\/wp\/v2\/comments?post=5922"}],"version-history":[{"count":1,"href":"https:\/\/ipixuna.am.gov.br\/wp-json\/wp\/v2\/posts\/5922\/revisions"}],"predecessor-version":[{"id":5923,"href":"https:\/\/ipixuna.am.gov.br\/wp-json\/wp\/v2\/posts\/5922\/revisions\/5923"}],"wp:attachment":[{"href":"https:\/\/ipixuna.am.gov.br\/wp-json\/wp\/v2\/media?parent=5922"}],"wp:term":[{"taxonomy":"category","embeddable":true,"href":"https:\/\/ipixuna.am.gov.br\/wp-json\/wp\/v2\/categories?post=5922"},{"taxonomy":"post_tag","embeddable":true,"href":"https:\/\/ipixuna.am.gov.br\/wp-json\/wp\/v2\/tags?post=5922"}],"curies":[{"name":"wp","href":"https:\/\/api.w.org\/{rel}","templated":true}]}}