{"id":5782,"date":"2025-09-11T19:52:13","date_gmt":"2025-09-11T19:52:13","guid":{"rendered":"https:\/\/ipixuna.am.gov.br\/?p=5782"},"modified":"2025-09-11T19:53:31","modified_gmt":"2025-09-11T19:53:31","slug":"secretario-de-saude-e-diretor-do-hospital-participam-do-seminario-da-aps-nos-territorios-em-manaus","status":"publish","type":"post","link":"https:\/\/ipixuna.am.gov.br\/2025\/09\/11\/secretario-de-saude-e-diretor-do-hospital-participam-do-seminario-da-aps-nos-territorios-em-manaus\/","title":{"rendered":"Secret\u00e1rio de Sa\u00fade e Diretor do Hospital participam do Semin\u00e1rio da APS nos Territ\u00f3rios em Manaus"},"content":{"rendered":"\n<div class=\"wp-block-columns is-layout-flex wp-container-core-columns-is-layout-28f84493 wp-block-columns-is-layout-flex\">\n<div class=\"wp-block-column is-layout-flow wp-block-column-is-layout-flow\">\n<p>Nos dias 9 e 10 de setembro, Manaus sediou o Semin\u00e1rio da Aten\u00e7\u00e3o Prim\u00e1ria \u00e0 Sa\u00fade (APS) nos Territ\u00f3rios: Equidade, V\u00ednculo e Qualidade no Cuidado, evento promovido pelo Minist\u00e9rio da Sa\u00fade em parceria com o Conselho de Secret\u00e1rios Municipais de Sa\u00fade do Amazonas (COSEMS-AM). O encontro reuniu gestores, profissionais e representantes de diversos munic\u00edpios para debater estrat\u00e9gias de fortalecimento da Aten\u00e7\u00e3o Prim\u00e1ria, com foco na equidade, na qualidade e no fortalecimento do v\u00ednculo com a popula\u00e7\u00e3o.<\/p>\n\n\n\n<p>O secret\u00e1rio municipal de sa\u00fade e o diretor do hospital municipal marcaram presen\u00e7a no semin\u00e1rio, representando o compromisso do munic\u00edpio com a melhoria dos servi\u00e7os de sa\u00fade oferecidos \u00e0 popula\u00e7\u00e3o. Durante os dois dias, o evento contou com mesas de debate, apresenta\u00e7\u00f5es de boas pr\u00e1ticas, al\u00e9m de capacita\u00e7\u00f5es sobre sistemas de gest\u00e3o, como o e-SUS APS e o SIAPS.<\/p>\n\n\n\n<p><strong>Prefeitura de Ipixuna &#8211; O trabalho continua!<\/strong><\/p>\n<\/div>\n\n\n\n<div class=\"wp-block-column is-layout-flow wp-block-column-is-layout-flow\"><div id=\"gutenslider-75h113eer\" class=\"wp-block-eedee-block-gutenslider gs-frontend content-change alignnone arrow-style-1 arrow-position-sides arrow-mb-none arrows-lg arrows-md arrows-sm dot-style-1 dots-lg dots-md dots-sm dot-position-bottom is-position-center-center mb-none wrap-auto-height\" data-parallax-direction=\"down\" data-parallax-amount=\"1.3\" data-lg-transition=\"lg-slide\" data-hash=\"\" ><div class=\"eedee-swiper-outer\" style=\"--gutenslider-min-height: 50vh;--gutenslider-arrow-size: 30px;--gutenslider-dot-size: 25px;--gutenslider-arrow-color: #ffffff;--gutenslider-dot-color: #ffffff;--gutenslider-padding-y-mobile: 40px;--gutenslider-padding-x-mobile: 40px;--gutenslider-padding-y-tablet: 40px;--gutenslider-padding-x-tablet: 40px;--gutenslider-padding-y-desktop: 40px;--gutenslider-padding-x-desktop: 40px;--gutenslider-bg-image: url();--gutenslider-min-height-md: 50vh;--gutenslider-min-height-sm: 50vh;--gutenslider-padding-x: 40px;--gutenslider-padding-x-md: 40px;--gutenslider-padding-x-sm: 20px;--gutenslider-padding-y: 40px;--gutenslider-padding-y-md: 40px;--gutenslider-padding-y-sm: 20px;--gutenslider-arrow-size-md: 30px;--gutenslider-arrow-size-sm: 30px;--gutenslider-dot-size-md: 25px;--gutenslider-dot-size-sm: 25px;--gutenslider-arrow-bg-color: transparent;--gutenslider-arrow-hover-color: #eeeeee;--gutenslider-arrow-bg-hover-color: transparent;--gutenslider-arrow-x-offset: 10px;--gutenslider-arrow-x-offset-md: 10px;--gutenslider-arrow-x-offset-sm: 10px;--gutenslider-arrow-y-offset: 0px;--gutenslider-arrow-y-offset-md: 0px;--gutenslider-arrow-y-offset-sm: 0px;--gutenslider-arrow-x-spacing: 0px;--gutenslider-dot-y-offset: 10px;--gutenslider-dot-y-offset-md: 10px;--gutenslider-dot-y-offset-sm: 10px;--gutenslider-margin-x: 0px;--gutenslider-margin-x-md: 0px;--gutenslider-margin-x-sm: 0px;--gutenslider-margin-y: 0px;--gutenslider-margin-y-md: 0px;--gutenslider-margin-y-sm: 0px;--gutenslider-divider-top: 60px;--gutenslider-divider-bottom: 60px;--gutenslider-lightgallery-bg: #ffffff;--gutenslider-lightgallery-font: #000000;--gs-first-pos: 50% 50%;--gs-gap-vertical: var( --wp--style--gallery-gap-default, var( --gallery-block--gutter-size, var( --wp--style--block-gap, 0.5em ) ) );--gs-gap-horizontal: var( --wp--style--gallery-gap-default, var( --gallery-block--gutter-size, var( --wp--style--block-gap, 0.5em ) ) );\"><div class=\"gutenslider-divider-top\" style=\"color:#fff;\"><\/div><div class=\"swiper\" data-settings='{\"autoplay\":{\"delay\":3000,\"pauseOnMouseEnter\":true,\"disableOnInteraction\":false},\"speed\":700,\"direction\":\"horizontal\",\"autoHeight\":\"\",\"loop\":true,\"centeredSlides\":true,\"spaceBetween\":0,\"slidesPerView\":1,\"slidesPerGroup\":1,\"effect\":\"slide\",\"coverflowEffect\":{\"rotate\":30,\"slideShadows\":false,\"depth\":100,\"stretch\":50,\"modifier\":1},\"fadeEffect\":{\"crossFade\":true},\"zoom\":\"\",\"navigation\":{\"nextEl\":\"#gutenslider-75h113eer .eedee-gutenslider-next\",\"prevEl\":\"#gutenslider-75h113eer .eedee-gutenslider-prev\"},\"pagination\":{\"type\":\"bullets\",\"clickable\":true,\"dynamicBullets\":false,\"el\":\"#gutenslider-75h113eer .eedee-gutenslider-pagination\"},\"pauseOnHover\":\"1\",\"watchSlidesProgress\":true,\"watchSlidesVisibility\":true,\"settingsMd\":{\"autoHeight\":\"\",\"slidesPerView\":1,\"slidesPerGroup\":1,\"spaceBetween\":0,\"loop\":true},\"settingsLg\":{\"autoHeight\":\"\",\"slidesPerView\":1,\"slidesPerGroup\":1,\"spaceBetween\":0,\"loop\":true},\"hasLg\":false,\"hasLgCounter\":true,\"isFullScreen\":false,\"arrowsFollowMouse\":false,\"lgTitle\":\"none\",\"lgCaption\":\"none\",\"lgThumbnails\":true,\"lgZoomEnabled\":false,\"keyboard\":{\"keyboard\":{\"enabled\":true,\"onlyInViewport\":true}},\"hashNavigation\":false,\"dividers\":false}'><div class=\"swiper-wrapper\">\n<div class=\"swiper-slide wp-block-eedee-block-gutenslide is-position-center-center ed-bg-image\" style=\"--ed-vw:300;--ed-vh:225;\" data-hash=\"\"><div class=\"eedee-background-div bg-image\"><img fetchpriority=\"high\" width=\"800\" height=\"600\" class=\"wp-image-5780\" src=\"https:\/\/ipixuna.am.gov.br\/wp-content\/uploads\/2025\/09\/10-1.jpg\" alt=\"\" decoding=\"async\" style=\"object-fit: cover; object-position: 50% 50%;\"  data-title=\"10\" srcset=\"https:\/\/ipixuna.am.gov.br\/wp-content\/uploads\/2025\/09\/10-1.jpg 800w, https:\/\/ipixuna.am.gov.br\/wp-content\/uploads\/2025\/09\/10-1-300x225.jpg 300w, https:\/\/ipixuna.am.gov.br\/wp-content\/uploads\/2025\/09\/10-1-768x576.jpg 768w, https:\/\/ipixuna.am.gov.br\/wp-content\/uploads\/2025\/09\/10-1-50x38.jpg 50w\" sizes=\"(max-width: 800px) 100vw, 800px\" \/><div class=\"eedee-background-div__overlay\" style=\"opacity:1;\"><\/div><\/div><div class=\"slide-content\">\n\n<p class=\"has-text-align-center gutenslider-content-initial has-larger-font-size\"><\/p>\n\n<\/div><\/div>\n\n<div class=\"swiper-slide wp-block-eedee-block-gutenslide is-position-center-center ed-bg-image\" style=\"--ed-vw:300;--ed-vh:225;\" data-hash=\"\"><div class=\"eedee-background-div bg-image\"><img width=\"800\" height=\"600\" class=\"wp-image-5778\" src=\"https:\/\/ipixuna.am.gov.br\/wp-content\/uploads\/2025\/09\/8-1.jpg\" alt=\"\" decoding=\"async\" style=\"object-fit: cover; object-position: 53% 0%;\"  data-title=\"8\" srcset=\"https:\/\/ipixuna.am.gov.br\/wp-content\/uploads\/2025\/09\/8-1.jpg 800w, https:\/\/ipixuna.am.gov.br\/wp-content\/uploads\/2025\/09\/8-1-300x225.jpg 300w, https:\/\/ipixuna.am.gov.br\/wp-content\/uploads\/2025\/09\/8-1-768x576.jpg 768w, https:\/\/ipixuna.am.gov.br\/wp-content\/uploads\/2025\/09\/8-1-50x38.jpg 50w\" sizes=\"(max-width: 800px) 100vw, 800px\" \/><div class=\"eedee-background-div__overlay\" style=\"opacity:1;\"><\/div><\/div><div class=\"slide-content\">\n\n<p class=\"has-text-align-center gutenslider-content-initial has-larger-font-size\"><\/p>\n\n<\/div><\/div>\n\n<div class=\"swiper-slide wp-block-eedee-block-gutenslide is-position-center-center ed-bg-image\" style=\"--ed-vw:300;--ed-vh:225;\" data-hash=\"\"><div class=\"eedee-background-div bg-image\"><img width=\"800\" height=\"600\" class=\"wp-image-5777\" src=\"https:\/\/ipixuna.am.gov.br\/wp-content\/uploads\/2025\/09\/7-1.jpg\" alt=\"\" decoding=\"async\" style=\"object-fit: cover; object-position: 52% 0%;\"  data-title=\"7\" srcset=\"https:\/\/ipixuna.am.gov.br\/wp-content\/uploads\/2025\/09\/7-1.jpg 800w, https:\/\/ipixuna.am.gov.br\/wp-content\/uploads\/2025\/09\/7-1-300x225.jpg 300w, https:\/\/ipixuna.am.gov.br\/wp-content\/uploads\/2025\/09\/7-1-768x576.jpg 768w, https:\/\/ipixuna.am.gov.br\/wp-content\/uploads\/2025\/09\/7-1-50x38.jpg 50w\" sizes=\"(max-width: 800px) 100vw, 800px\" \/><div class=\"eedee-background-div__overlay\" style=\"opacity:1;\"><\/div><\/div><div class=\"slide-content\">\n\n<p class=\"has-text-align-center gutenslider-content-initial has-larger-font-size\"><\/p>\n\n<\/div><\/div>\n\n<div class=\"swiper-slide wp-block-eedee-block-gutenslide is-position-center-center ed-bg-image\" style=\"--ed-vw:300;--ed-vh:225;\" data-hash=\"\"><div class=\"eedee-background-div bg-image\"><img loading=\"lazy\" width=\"800\" height=\"600\" class=\"wp-image-5776\" src=\"https:\/\/ipixuna.am.gov.br\/wp-content\/uploads\/2025\/09\/6-1.jpg\" alt=\"\" decoding=\"async\" style=\"object-fit: cover; object-position: 50% 50%;\"  data-title=\"6\" srcset=\"https:\/\/ipixuna.am.gov.br\/wp-content\/uploads\/2025\/09\/6-1.jpg 800w, https:\/\/ipixuna.am.gov.br\/wp-content\/uploads\/2025\/09\/6-1-300x225.jpg 300w, https:\/\/ipixuna.am.gov.br\/wp-content\/uploads\/2025\/09\/6-1-768x576.jpg 768w, https:\/\/ipixuna.am.gov.br\/wp-content\/uploads\/2025\/09\/6-1-50x38.jpg 50w\" sizes=\"(max-width: 800px) 100vw, 800px\" \/><div class=\"eedee-background-div__overlay\" style=\"opacity:1;\"><\/div><\/div><div class=\"slide-content\">\n\n<p class=\"has-text-align-center gutenslider-content-initial has-larger-font-size\"><\/p>\n\n<\/div><\/div>\n\n<div class=\"swiper-slide wp-block-eedee-block-gutenslide is-position-center-center ed-bg-image\" style=\"--ed-vw:300;--ed-vh:225;\" data-hash=\"\"><div class=\"eedee-background-div bg-image\"><img loading=\"lazy\" width=\"800\" height=\"600\" class=\"wp-image-5775\" src=\"https:\/\/ipixuna.am.gov.br\/wp-content\/uploads\/2025\/09\/5-1.jpg\" alt=\"\" decoding=\"async\" style=\"object-fit: cover; object-position: 47% 0%;\"  data-title=\"5\" srcset=\"https:\/\/ipixuna.am.gov.br\/wp-content\/uploads\/2025\/09\/5-1.jpg 800w, https:\/\/ipixuna.am.gov.br\/wp-content\/uploads\/2025\/09\/5-1-300x225.jpg 300w, https:\/\/ipixuna.am.gov.br\/wp-content\/uploads\/2025\/09\/5-1-768x576.jpg 768w, https:\/\/ipixuna.am.gov.br\/wp-content\/uploads\/2025\/09\/5-1-50x38.jpg 50w\" sizes=\"(max-width: 800px) 100vw, 800px\" \/><div class=\"eedee-background-div__overlay\" style=\"opacity:1;\"><\/div><\/div><div class=\"slide-content\">\n\n<p class=\"has-text-align-center gutenslider-content-initial has-larger-font-size\"><\/p>\n\n<\/div><\/div>\n\n<div class=\"swiper-slide wp-block-eedee-block-gutenslide is-position-center-center ed-bg-image\" style=\"--ed-vw:300;--ed-vh:225;\" data-hash=\"\"><div class=\"eedee-background-div bg-image\"><img loading=\"lazy\" width=\"800\" height=\"600\" class=\"wp-image-5774\" src=\"https:\/\/ipixuna.am.gov.br\/wp-content\/uploads\/2025\/09\/4-1.jpg\" alt=\"\" decoding=\"async\" style=\"object-fit: cover; object-position: 47% 0%;\"  data-title=\"4\" srcset=\"https:\/\/ipixuna.am.gov.br\/wp-content\/uploads\/2025\/09\/4-1.jpg 800w, https:\/\/ipixuna.am.gov.br\/wp-content\/uploads\/2025\/09\/4-1-300x225.jpg 300w, https:\/\/ipixuna.am.gov.br\/wp-content\/uploads\/2025\/09\/4-1-768x576.jpg 768w, https:\/\/ipixuna.am.gov.br\/wp-content\/uploads\/2025\/09\/4-1-50x38.jpg 50w\" sizes=\"(max-width: 800px) 100vw, 800px\" \/><div class=\"eedee-background-div__overlay\" style=\"opacity:1;\"><\/div><\/div><div class=\"slide-content\">\n\n<p class=\"has-text-align-center gutenslider-content-initial has-larger-font-size\"><\/p>\n\n<\/div><\/div>\n\n<div class=\"swiper-slide wp-block-eedee-block-gutenslide is-position-center-center ed-bg-image\" style=\"--ed-vw:300;--ed-vh:225;\" data-hash=\"\"><div class=\"eedee-background-div bg-image\"><img loading=\"lazy\" width=\"800\" height=\"600\" class=\"wp-image-5773\" src=\"https:\/\/ipixuna.am.gov.br\/wp-content\/uploads\/2025\/09\/3-1.jpg\" alt=\"\" decoding=\"async\" style=\"object-fit: cover; object-position: 50% 50%;\"  data-title=\"3\" srcset=\"https:\/\/ipixuna.am.gov.br\/wp-content\/uploads\/2025\/09\/3-1.jpg 800w, https:\/\/ipixuna.am.gov.br\/wp-content\/uploads\/2025\/09\/3-1-300x225.jpg 300w, https:\/\/ipixuna.am.gov.br\/wp-content\/uploads\/2025\/09\/3-1-768x576.jpg 768w, https:\/\/ipixuna.am.gov.br\/wp-content\/uploads\/2025\/09\/3-1-50x38.jpg 50w\" sizes=\"(max-width: 800px) 100vw, 800px\" \/><div class=\"eedee-background-div__overlay\" style=\"opacity:1;\"><\/div><\/div><div class=\"slide-content\">\n\n<p class=\"has-text-align-center gutenslider-content-initial has-larger-font-size\"><\/p>\n\n<\/div><\/div>\n\n<div class=\"swiper-slide wp-block-eedee-block-gutenslide is-position-center-center ed-bg-image\" style=\"--ed-vw:300;--ed-vh:225;\" data-hash=\"\"><div class=\"eedee-background-div bg-image\"><img loading=\"lazy\" width=\"800\" height=\"600\" class=\"wp-image-5772\" src=\"https:\/\/ipixuna.am.gov.br\/wp-content\/uploads\/2025\/09\/2-1.jpg\" alt=\"\" decoding=\"async\" style=\"object-fit: cover; object-position: 50% 50%;\"  data-title=\"2\" srcset=\"https:\/\/ipixuna.am.gov.br\/wp-content\/uploads\/2025\/09\/2-1.jpg 800w, https:\/\/ipixuna.am.gov.br\/wp-content\/uploads\/2025\/09\/2-1-300x225.jpg 300w, https:\/\/ipixuna.am.gov.br\/wp-content\/uploads\/2025\/09\/2-1-768x576.jpg 768w, https:\/\/ipixuna.am.gov.br\/wp-content\/uploads\/2025\/09\/2-1-50x38.jpg 50w\" sizes=\"(max-width: 800px) 100vw, 800px\" \/><div class=\"eedee-background-div__overlay\" style=\"opacity:1;\"><\/div><\/div><div class=\"slide-content\">\n\n<p class=\"has-text-align-center gutenslider-content-initial has-larger-font-size\"><\/p>\n\n<\/div><\/div>\n\n<div class=\"swiper-slide wp-block-eedee-block-gutenslide is-position-center-center ed-bg-image\" style=\"--ed-vw:300;--ed-vh:225;\" data-hash=\"\"><div class=\"eedee-background-div bg-image\"><img loading=\"lazy\" width=\"800\" height=\"600\" class=\"wp-image-5771\" src=\"https:\/\/ipixuna.am.gov.br\/wp-content\/uploads\/2025\/09\/1.jpg\" alt=\"\" decoding=\"async\" style=\"object-fit: cover; object-position: 50% 50%;\"  data-title=\"Secret\u00e1rio de Sa\u00fade e Diretor do Hospital participam do Semin\u00e1rio da APS nos Territ\u00f3rios em Manaus\" srcset=\"https:\/\/ipixuna.am.gov.br\/wp-content\/uploads\/2025\/09\/1.jpg 800w, https:\/\/ipixuna.am.gov.br\/wp-content\/uploads\/2025\/09\/1-300x225.jpg 300w, https:\/\/ipixuna.am.gov.br\/wp-content\/uploads\/2025\/09\/1-768x576.jpg 768w, https:\/\/ipixuna.am.gov.br\/wp-content\/uploads\/2025\/09\/1-50x38.jpg 50w\" sizes=\"(max-width: 800px) 100vw, 800px\" \/><div class=\"eedee-background-div__overlay\" style=\"opacity:1;\"><\/div><\/div><div class=\"slide-content\">\n\n<p class=\"has-text-align-center gutenslider-content-initial has-larger-font-size\"><\/p>\n\n<\/div><\/div>\n<\/div><\/div><button class=\"eedee-gutenslider-nav eedee-gutenslider-prev\"><svg xmlns=\"http:\/\/www.w3.org\/2000\/svg\" viewBox=\"0 0 24 24\" width=\"24\" height=\"24\"><circle class=\"bg\" cx=\"13\" cy=\"12\" r=\"11\" \/><path fill=\"none\" d=\"M0 0h24v24H0z\"\/><path class=\"arrow\" d=\"M10.828 12l4.95 4.95-1.414 1.414L8 12l6.364-6.364 1.414 1.414z\"\/><\/svg><\/button><button class=\"eedee-gutenslider-nav eedee-gutenslider-next\"><svg xmlns=\"http:\/\/www.w3.org\/2000\/svg\" viewBox=\"0 0 24 24\" width=\"24\" height=\"24\"><circle class=\"bg\" cx=\"11\" cy=\"12\" r=\"11\" \/><path fill=\"none\" d=\"M0 0h24v24H0z\"\/><path class=\"arrow\" d=\"M13.172 12l-4.95-4.95 1.414-1.414L16 12l-6.364 6.364-1.414-1.414z\"\/><\/svg><\/button><div class=\"eedee-gutenslider-pagination\"><\/div><div class=\"gutenslider-divider-bottom \" style=\"color:#fff;\"><\/div><\/div><\/div><\/div>\n<\/div>\n","protected":false},"excerpt":{"rendered":"<p>Nos dias 9 e 10 de setembro, Manaus sediou o Semin\u00e1rio da Aten\u00e7\u00e3o Prim\u00e1ria \u00e0 Sa\u00fade (APS) nos Territ\u00f3rios: Equidade, V\u00ednculo e Qualidade no Cuidado, evento promovido pelo Minist\u00e9rio da Sa\u00fade em parceria com o Conselho de Secret\u00e1rios Municipais de Sa\u00fade do Amazonas (COSEMS-AM). O encontro reuniu gestores, profissionais e representantes de diversos munic\u00edpios para debater estrat\u00e9gias de fortalecimento da Aten\u00e7\u00e3o Prim\u00e1ria, com foco na equidade, na qualidade e no fortalecimento do v\u00ednculo com a popula\u00e7\u00e3o. O secret\u00e1rio municipal de sa\u00fade e o diretor do hospital municipal marcaram presen\u00e7a no semin\u00e1rio, representando o compromisso do munic\u00edpio com a melhoria dos servi\u00e7os de sa\u00fade oferecidos \u00e0 popula\u00e7\u00e3o. Durante os dois dias, o evento contou com mesas de debate, apresenta\u00e7\u00f5es de boas pr\u00e1ticas, al\u00e9m de capacita\u00e7\u00f5es sobre sistemas de gest\u00e3o, como o e-SUS APS e o SIAPS. Prefeitura de Ipixuna &#8211; O trabalho continua!<\/p>\n","protected":false},"author":4,"featured_media":5780,"comment_status":"closed","ping_status":"open","sticky":false,"template":"","format":"standard","meta":{"footnotes":""},"categories":[65],"tags":[],"class_list":["post-5782","post","type-post","status-publish","format-standard","has-post-thumbnail","hentry","category-ultimas-noticias","entry"],"_links":{"self":[{"href":"https:\/\/ipixuna.am.gov.br\/wp-json\/wp\/v2\/posts\/5782","targetHints":{"allow":["GET"]}}],"collection":[{"href":"https:\/\/ipixuna.am.gov.br\/wp-json\/wp\/v2\/posts"}],"about":[{"href":"https:\/\/ipixuna.am.gov.br\/wp-json\/wp\/v2\/types\/post"}],"author":[{"embeddable":true,"href":"https:\/\/ipixuna.am.gov.br\/wp-json\/wp\/v2\/users\/4"}],"replies":[{"embeddable":true,"href":"https:\/\/ipixuna.am.gov.br\/wp-json\/wp\/v2\/comments?post=5782"}],"version-history":[{"count":0,"href":"https:\/\/ipixuna.am.gov.br\/wp-json\/wp\/v2\/posts\/5782\/revisions"}],"wp:featuredmedia":[{"embeddable":true,"href":"https:\/\/ipixuna.am.gov.br\/wp-json\/wp\/v2\/media\/5780"}],"wp:attachment":[{"href":"https:\/\/ipixuna.am.gov.br\/wp-json\/wp\/v2\/media?parent=5782"}],"wp:term":[{"taxonomy":"category","embeddable":true,"href":"https:\/\/ipixuna.am.gov.br\/wp-json\/wp\/v2\/categories?post=5782"},{"taxonomy":"post_tag","embeddable":true,"href":"https:\/\/ipixuna.am.gov.br\/wp-json\/wp\/v2\/tags?post=5782"}],"curies":[{"name":"wp","href":"https:\/\/api.w.org\/{rel}","templated":true}]}}