{"id":5725,"date":"2025-09-04T21:00:58","date_gmt":"2025-09-04T21:00:58","guid":{"rendered":"https:\/\/ipixuna.am.gov.br\/?p=5725"},"modified":"2025-09-04T21:02:52","modified_gmt":"2025-09-04T21:02:52","slug":"a-prefeitura-de-ipixuna-por-meio-da-secretaria-municipal-de-saude-e-da-gerencia-municipal-de-endemias-gme-divulga-resultados-positivos-no-combate-as-doencas-transmitidas-por-mosquitos-no-municipio","status":"publish","type":"post","link":"https:\/\/ipixuna.am.gov.br\/2025\/09\/04\/a-prefeitura-de-ipixuna-por-meio-da-secretaria-municipal-de-saude-e-da-gerencia-municipal-de-endemias-gme-divulga-resultados-positivos-no-combate-as-doencas-transmitidas-por-mosquitos-no-municipio\/","title":{"rendered":"Ipixuna avan\u00e7a na sa\u00fade: baixa infesta\u00e7\u00e3o do Aedes e queda hist\u00f3rica da mal\u00e1ria"},"content":{"rendered":"\n<p>A Prefeitura de Ipixuna, por meio da Secretaria Municipal de Sa\u00fade e da Ger\u00eancia Municipal de Endemias (GME), divulga resultados positivos no combate \u00e0s doen\u00e7as <a><\/a>transmitidas por mosquitos no munic\u00edpio.<\/p>\n\n\n\n<p>Baixa Infesta\u00e7\u00e3o do Aedes aegypti<\/p>\n\n\n\n<p>De acordo com o 3\u00ba Levantamento R\u00e1pido de \u00cdndices para Aedes aegypti (LIRAa), realizado entre os dias 25 e 29 de agosto de 2025, o \u00edndice de infesta\u00e7\u00e3o no munic\u00edpio \u00e9 de apenas 0,9%, considerado baixo risco. Ao todo, 1.514 im\u00f3veis foram inspecionados e apenas 14 apresentaram focos do mosquito. O levantamento aponta que os dep\u00f3sitos de \u00e1gua para consumo humano (A2) ainda s\u00e3o os principais criadouros, representando 68,8% dos focos encontrados.<\/p>\n\n\n\n<p>Redu\u00e7\u00e3o hist\u00f3rica da mal\u00e1ria<\/p>\n\n\n\n<p>O boletim \u201cMalari\u00f4metro 2025\u201d mostra uma redu\u00e7\u00e3o significativa nos casos da doen\u00e7a em Ipixuna. Entre janeiro e agosto deste ano, foram registrados 221 casos positivos, contra 1.084 no mesmo per\u00edodo de 2024 \u2014 uma queda impressionante de 80%.<\/p>\n\n\n\n<p>Esses resultados refletem o trabalho cont\u00ednuo das equipes de sa\u00fade, que realizam visitas domiciliares, orienta\u00e7\u00f5es \u00e0 popula\u00e7\u00e3o, aplica\u00e7\u00e3o de medidas preventivas e fiscaliza\u00e7\u00e3o em pontos estrat\u00e9gicos.<\/p>\n\n\n\n<p>A Prefeitura refor\u00e7a a import\u00e2ncia da colabora\u00e7\u00e3o da comunidade para manter o munic\u00edpio protegido: elimine recipientes com \u00e1gua parada, permita a entrada dos agentes de sa\u00fade em sua resid\u00eancia e procure atendimento ao apresentar sintomas de dengue, zika, chikungunya ou mal\u00e1ria.<\/p>\n\n\n\n<p>Prefeitura de Ipixuna &#8211; O trabalho continua!<\/p>\n\n\n\n<div class=\"wp-block-columns is-layout-flex wp-container-core-columns-is-layout-28f84493 wp-block-columns-is-layout-flex\">\n<div class=\"wp-block-column is-layout-flow wp-block-column-is-layout-flow\">\n<figure class=\"wp-block-image size-large\"><img fetchpriority=\"high\" decoding=\"async\" width=\"1024\" height=\"531\" src=\"https:\/\/ipixuna.am.gov.br\/wp-content\/uploads\/2025\/09\/malaria232-1024x531.jpg\" alt=\"\" class=\"wp-image-5720\" srcset=\"https:\/\/ipixuna.am.gov.br\/wp-content\/uploads\/2025\/09\/malaria232-1024x531.jpg 1024w, https:\/\/ipixuna.am.gov.br\/wp-content\/uploads\/2025\/09\/malaria232-300x156.jpg 300w, https:\/\/ipixuna.am.gov.br\/wp-content\/uploads\/2025\/09\/malaria232-768x398.jpg 768w, https:\/\/ipixuna.am.gov.br\/wp-content\/uploads\/2025\/09\/malaria232-50x26.jpg 50w, https:\/\/ipixuna.am.gov.br\/wp-content\/uploads\/2025\/09\/malaria232-1600x830.jpg 1600w, https:\/\/ipixuna.am.gov.br\/wp-content\/uploads\/2025\/09\/malaria232-1536x797.jpg 1536w, https:\/\/ipixuna.am.gov.br\/wp-content\/uploads\/2025\/09\/malaria232-2048x1062.jpg 2048w, https:\/\/ipixuna.am.gov.br\/wp-content\/uploads\/2025\/09\/malaria232-1568x813.jpg 1568w\" sizes=\"(max-width: 1024px) 100vw, 1024px\" \/><\/figure>\n<\/div>\n<\/div>\n","protected":false},"excerpt":{"rendered":"<p>A Prefeitura de Ipixuna, por meio da Secretaria Municipal de Sa\u00fade e da Ger\u00eancia Municipal de Endemias (GME), divulga resultados positivos no combate \u00e0s doen\u00e7as transmitidas por mosquitos no munic\u00edpio. Baixa Infesta\u00e7\u00e3o do Aedes aegypti De acordo com o 3\u00ba Levantamento R\u00e1pido de \u00cdndices para Aedes aegypti (LIRAa), realizado entre os dias 25 e 29 de agosto de 2025, o \u00edndice de infesta\u00e7\u00e3o no munic\u00edpio \u00e9 de apenas 0,9%, considerado baixo risco. Ao todo, 1.514 im\u00f3veis foram inspecionados e apenas 14 apresentaram focos do mosquito. O levantamento aponta que os dep\u00f3sitos de \u00e1gua para consumo humano (A2) ainda s\u00e3o os principais criadouros, representando 68,8% dos focos encontrados. Redu\u00e7\u00e3o hist\u00f3rica da mal\u00e1ria O boletim \u201cMalari\u00f4metro 2025\u201d mostra uma redu\u00e7\u00e3o significativa nos casos da doen\u00e7a em Ipixuna. Entre janeiro e agosto deste ano, foram registrados 221 casos positivos, contra 1.084 no mesmo per\u00edodo de 2024 \u2014 uma queda impressionante de 80%. Esses resultados refletem o trabalho cont\u00ednuo das equipes de sa\u00fade, que realizam visitas domiciliares, orienta\u00e7\u00f5es \u00e0 popula\u00e7\u00e3o, aplica\u00e7\u00e3o de medidas preventivas e fiscaliza\u00e7\u00e3o em pontos estrat\u00e9gicos. A Prefeitura refor\u00e7a a import\u00e2ncia da colabora\u00e7\u00e3o da comunidade para manter o munic\u00edpio protegido: elimine recipientes com \u00e1gua parada, permita a entrada dos agentes de sa\u00fade em sua resid\u00eancia e procure atendimento ao apresentar sintomas de dengue, zika, chikungunya ou mal\u00e1ria. Prefeitura de Ipixuna &#8211; O trabalho continua!<\/p>\n","protected":false},"author":3,"featured_media":5726,"comment_status":"closed","ping_status":"open","sticky":false,"template":"","format":"standard","meta":{"footnotes":""},"categories":[66],"tags":[],"class_list":["post-5725","post","type-post","status-publish","format-standard","has-post-thumbnail","hentry","category-saude","entry"],"_links":{"self":[{"href":"https:\/\/ipixuna.am.gov.br\/wp-json\/wp\/v2\/posts\/5725","targetHints":{"allow":["GET"]}}],"collection":[{"href":"https:\/\/ipixuna.am.gov.br\/wp-json\/wp\/v2\/posts"}],"about":[{"href":"https:\/\/ipixuna.am.gov.br\/wp-json\/wp\/v2\/types\/post"}],"author":[{"embeddable":true,"href":"https:\/\/ipixuna.am.gov.br\/wp-json\/wp\/v2\/users\/3"}],"replies":[{"embeddable":true,"href":"https:\/\/ipixuna.am.gov.br\/wp-json\/wp\/v2\/comments?post=5725"}],"version-history":[{"count":3,"href":"https:\/\/ipixuna.am.gov.br\/wp-json\/wp\/v2\/posts\/5725\/revisions"}],"predecessor-version":[{"id":5730,"href":"https:\/\/ipixuna.am.gov.br\/wp-json\/wp\/v2\/posts\/5725\/revisions\/5730"}],"wp:featuredmedia":[{"embeddable":true,"href":"https:\/\/ipixuna.am.gov.br\/wp-json\/wp\/v2\/media\/5726"}],"wp:attachment":[{"href":"https:\/\/ipixuna.am.gov.br\/wp-json\/wp\/v2\/media?parent=5725"}],"wp:term":[{"taxonomy":"category","embeddable":true,"href":"https:\/\/ipixuna.am.gov.br\/wp-json\/wp\/v2\/categories?post=5725"},{"taxonomy":"post_tag","embeddable":true,"href":"https:\/\/ipixuna.am.gov.br\/wp-json\/wp\/v2\/tags?post=5725"}],"curies":[{"name":"wp","href":"https:\/\/api.w.org\/{rel}","templated":true}]}}