{"id":5666,"date":"2025-08-29T14:11:09","date_gmt":"2025-08-29T14:11:09","guid":{"rendered":"https:\/\/ipixuna.am.gov.br\/?p=5666"},"modified":"2025-09-02T14:12:19","modified_gmt":"2025-09-02T14:12:19","slug":"ubs-mae-regina-realiza-capacitacao-sobre-cateterismo-vesical","status":"publish","type":"post","link":"https:\/\/ipixuna.am.gov.br\/2025\/08\/29\/ubs-mae-regina-realiza-capacitacao-sobre-cateterismo-vesical\/","title":{"rendered":"UBS M\u00e3e Regina realiza capacita\u00e7\u00e3o sobre Cateterismo Vesical"},"content":{"rendered":"\n<p>A <a><\/a>Unidade B\u00e1sica de Sa\u00fade M\u00e3e Regina promoveu capacita\u00e7\u00e3o com a enfermeira Sidrana Albuquerque sobre Cateterismo Vesical de Demora (Sonda de Foley), procedimento privativo do enfermeiro.<\/p>\n\n\n\n<p>O treinamento abordou a t\u00e9cnica correta em homens e mulheres, a import\u00e2ncia da assepsia, o tempo de perman\u00eancia do cateter, indica\u00e7\u00f5es para o cateterismo de al\u00edvio, principais complica\u00e7\u00f5es \u2014 como a infec\u00e7\u00e3o urin\u00e1ria \u2014 e os diferentes tipos de cateterismo.<\/p>\n\n\n\n<p>A a\u00e7\u00e3o refor\u00e7ou a atualiza\u00e7\u00e3o dos profissionais e o compromisso com um atendimento seguro e de qualidade \u00e0 popula\u00e7\u00e3o.<\/p>\n\n\n\n<p><strong>Prefeitura de Ipixuna &#8211; O trabalho continua!<\/strong><\/p>\n","protected":false},"excerpt":{"rendered":"<p>A Unidade B\u00e1sica de Sa\u00fade M\u00e3e Regina promoveu capacita\u00e7\u00e3o com a enfermeira Sidrana Albuquerque sobre Cateterismo Vesical de Demora (Sonda de Foley), procedimento privativo do enfermeiro. O treinamento abordou a t\u00e9cnica correta em homens e mulheres, a import\u00e2ncia da assepsia, o tempo de perman\u00eancia do cateter, indica\u00e7\u00f5es para o cateterismo de al\u00edvio, principais complica\u00e7\u00f5es \u2014 como a infec\u00e7\u00e3o urin\u00e1ria \u2014 e os diferentes tipos de cateterismo. A a\u00e7\u00e3o refor\u00e7ou a atualiza\u00e7\u00e3o dos profissionais e o compromisso com um atendimento seguro e de qualidade \u00e0 popula\u00e7\u00e3o. Prefeitura de Ipixuna &#8211; O trabalho continua!<\/p>\n","protected":false},"author":4,"featured_media":5665,"comment_status":"closed","ping_status":"open","sticky":false,"template":"","format":"standard","meta":{"footnotes":""},"categories":[66],"tags":[],"class_list":["post-5666","post","type-post","status-publish","format-standard","has-post-thumbnail","hentry","category-saude","entry"],"_links":{"self":[{"href":"https:\/\/ipixuna.am.gov.br\/wp-json\/wp\/v2\/posts\/5666","targetHints":{"allow":["GET"]}}],"collection":[{"href":"https:\/\/ipixuna.am.gov.br\/wp-json\/wp\/v2\/posts"}],"about":[{"href":"https:\/\/ipixuna.am.gov.br\/wp-json\/wp\/v2\/types\/post"}],"author":[{"embeddable":true,"href":"https:\/\/ipixuna.am.gov.br\/wp-json\/wp\/v2\/users\/4"}],"replies":[{"embeddable":true,"href":"https:\/\/ipixuna.am.gov.br\/wp-json\/wp\/v2\/comments?post=5666"}],"version-history":[{"count":1,"href":"https:\/\/ipixuna.am.gov.br\/wp-json\/wp\/v2\/posts\/5666\/revisions"}],"predecessor-version":[{"id":5667,"href":"https:\/\/ipixuna.am.gov.br\/wp-json\/wp\/v2\/posts\/5666\/revisions\/5667"}],"wp:featuredmedia":[{"embeddable":true,"href":"https:\/\/ipixuna.am.gov.br\/wp-json\/wp\/v2\/media\/5665"}],"wp:attachment":[{"href":"https:\/\/ipixuna.am.gov.br\/wp-json\/wp\/v2\/media?parent=5666"}],"wp:term":[{"taxonomy":"category","embeddable":true,"href":"https:\/\/ipixuna.am.gov.br\/wp-json\/wp\/v2\/categories?post=5666"},{"taxonomy":"post_tag","embeddable":true,"href":"https:\/\/ipixuna.am.gov.br\/wp-json\/wp\/v2\/tags?post=5666"}],"curies":[{"name":"wp","href":"https:\/\/api.w.org\/{rel}","templated":true}]}}