{"id":5495,"date":"2025-08-11T16:06:38","date_gmt":"2025-08-11T16:06:38","guid":{"rendered":"https:\/\/ipixuna.am.gov.br\/index.php\/2025\/08\/11\/inexigibilidade-no-009-2025\/"},"modified":"2025-08-11T16:06:38","modified_gmt":"2025-08-11T16:06:38","slug":"inexigibilidade-no-009-2025","status":"publish","type":"post","link":"https:\/\/ipixuna.am.gov.br\/2025\/08\/11\/inexigibilidade-no-009-2025\/","title":{"rendered":"INEXIGIBILIDADE N\u00ba 009\/2025"},"content":{"rendered":"<p>Servi\u00e7os de assessoria e consultoria jur\u00eddica em mat\u00e9ria contenciosa e administrativa de alta complexidade.<\/p>\n","protected":false},"excerpt":{"rendered":"<p>Servi\u00e7os de assessoria e consultoria jur\u00eddica em mat\u00e9ria contenciosa e administrativa de alta complexidade.<\/p>\n","protected":false},"author":2,"featured_media":0,"comment_status":"closed","ping_status":"open","sticky":false,"template":"","format":"standard","meta":{"footnotes":""},"categories":[89],"tags":[],"class_list":["post-5495","post","type-post","status-publish","format-standard","hentry","category-inexigibilidade","entry"],"_links":{"self":[{"href":"https:\/\/ipixuna.am.gov.br\/wp-json\/wp\/v2\/posts\/5495","targetHints":{"allow":["GET"]}}],"collection":[{"href":"https:\/\/ipixuna.am.gov.br\/wp-json\/wp\/v2\/posts"}],"about":[{"href":"https:\/\/ipixuna.am.gov.br\/wp-json\/wp\/v2\/types\/post"}],"author":[{"embeddable":true,"href":"https:\/\/ipixuna.am.gov.br\/wp-json\/wp\/v2\/users\/2"}],"replies":[{"embeddable":true,"href":"https:\/\/ipixuna.am.gov.br\/wp-json\/wp\/v2\/comments?post=5495"}],"version-history":[{"count":1,"href":"https:\/\/ipixuna.am.gov.br\/wp-json\/wp\/v2\/posts\/5495\/revisions"}],"predecessor-version":[{"id":5496,"href":"https:\/\/ipixuna.am.gov.br\/wp-json\/wp\/v2\/posts\/5495\/revisions\/5496"}],"wp:attachment":[{"href":"https:\/\/ipixuna.am.gov.br\/wp-json\/wp\/v2\/media?parent=5495"}],"wp:term":[{"taxonomy":"category","embeddable":true,"href":"https:\/\/ipixuna.am.gov.br\/wp-json\/wp\/v2\/categories?post=5495"},{"taxonomy":"post_tag","embeddable":true,"href":"https:\/\/ipixuna.am.gov.br\/wp-json\/wp\/v2\/tags?post=5495"}],"curies":[{"name":"wp","href":"https:\/\/api.w.org\/{rel}","templated":true}]}}