{"id":5011,"date":"2025-06-19T15:45:44","date_gmt":"2025-06-19T15:45:44","guid":{"rendered":"https:\/\/ipixuna.am.gov.br\/?p=5011"},"modified":"2025-06-19T15:47:30","modified_gmt":"2025-06-19T15:47:30","slug":"programacao-especial-do-dia-do-evangelico-em-ipixuna","status":"publish","type":"post","link":"https:\/\/ipixuna.am.gov.br\/2025\/06\/19\/programacao-especial-do-dia-do-evangelico-em-ipixuna\/","title":{"rendered":"Programa\u00e7\u00e3o especial do Dia do Evang\u00e9lico em Ipixuna"},"content":{"rendered":"\t\t<div data-elementor-type=\"wp-post\" data-elementor-id=\"5011\" class=\"elementor elementor-5011\" data-elementor-post-type=\"post\">\n\t\t\t\t<div class=\"elementor-element elementor-element-1578bf8 e-flex e-con-boxed wpr-particle-no wpr-jarallax-no wpr-parallax-no wpr-sticky-section-no e-con e-parent\" data-id=\"1578bf8\" data-element_type=\"container\" data-e-type=\"container\">\n\t\t\t\t\t<div class=\"e-con-inner\">\n\t\t<div class=\"elementor-element elementor-element-f1ca804 e-con-full e-flex wpr-particle-no wpr-jarallax-no wpr-parallax-no wpr-sticky-section-no e-con e-child\" data-id=\"f1ca804\" data-element_type=\"container\" data-e-type=\"container\">\n\t\t\t\t<div class=\"elementor-element elementor-element-82032a4 elementor-widget elementor-widget-text-editor\" data-id=\"82032a4\" data-element_type=\"widget\" data-e-type=\"widget\" data-widget_type=\"text-editor.default\">\n\t\t\t\t<div class=\"elementor-widget-container\">\n\t\t\t\t\t\t\t\t\t<div class=\"x14z9mp xat24cr x1lziwak x1vvkbs xtlvy1s x126k92a\"><div dir=\"auto\">No pr\u00f3ximo dia 1\u00ba de julho, Ipixuna celebrar\u00e1 o Dia do Evang\u00e9lico. A partir das 17h, a cidade ser\u00e1 palco da tradicional Marcha para Jesus, com concentra\u00e7\u00e3o na Pra\u00e7a Juru\u00e1 e percurso pelas principais ruas at\u00e9 o Centro Poliesportivo.<\/div><\/div><div class=\"x14z9mp xat24cr x1lziwak x1vvkbs xtlvy1s x126k92a\"><div dir=\"auto\">Antes do show principal, o p\u00fablico poder\u00e1 participar de um pr\u00e9-show com apresenta\u00e7\u00f5es de louvor, coreografias e mensagens edificantes preparadas pelas igrejas locais. O encerramento da noite ser\u00e1 com um grande show nacional do cantor Leandro Borges, um dos nomes mais queridos da m\u00fasica gospel brasileira.<\/div><\/div><div class=\"x14z9mp xat24cr x1lziwak x1vvkbs xtlvy1s x126k92a\"><div dir=\"auto\">O evento \u00e9 uma realiza\u00e7\u00e3o da OMEI \u2013 Ordem dos Ministros Evang\u00e9licos de Ipixuna, com apoio da Prefeitura Municipal de Ipixuna, por meio da Secretaria de Cultura e Turismo.<\/div><div dir=\"auto\">\u00a0<\/div><\/div><div class=\"x14z9mp xat24cr x1lziwak x1vvkbs xtlvy1s x126k92a\"><div dir=\"auto\"><strong>Prefeitura de Ipixuna &#8211; O trabalho<\/strong> continua!<\/div><\/div>\t\t\t\t\t\t\t\t<\/div>\n\t\t\t\t<\/div>\n\t\t\t\t<\/div>\n\t\t<div class=\"elementor-element elementor-element-2f36e49 e-con-full e-flex wpr-particle-no wpr-jarallax-no wpr-parallax-no wpr-sticky-section-no e-con e-child\" data-id=\"2f36e49\" data-element_type=\"container\" data-e-type=\"container\">\n\t\t\t\t<div class=\"elementor-element elementor-element-59b866c elementor-arrows-position-inside elementor-pagination-position-outside elementor-widget elementor-widget-image-carousel\" data-id=\"59b866c\" data-element_type=\"widget\" data-e-type=\"widget\" data-settings=\"{&quot;slides_to_show&quot;:&quot;1&quot;,&quot;navigation&quot;:&quot;both&quot;,&quot;autoplay&quot;:&quot;yes&quot;,&quot;pause_on_hover&quot;:&quot;yes&quot;,&quot;pause_on_interaction&quot;:&quot;yes&quot;,&quot;autoplay_speed&quot;:5000,&quot;infinite&quot;:&quot;yes&quot;,&quot;effect&quot;:&quot;slide&quot;,&quot;speed&quot;:500}\" data-widget_type=\"image-carousel.default\">\n\t\t\t\t<div class=\"elementor-widget-container\">\n\t\t\t\t\t\t\t<div class=\"elementor-image-carousel-wrapper swiper\" role=\"region\" aria-roledescription=\"carousel\" aria-label=\"Carrossel de imagens\" dir=\"ltr\">\n\t\t\t<div class=\"elementor-image-carousel swiper-wrapper\" aria-live=\"off\">\n\t\t\t\t\t\t\t\t<div class=\"swiper-slide\" role=\"group\" aria-roledescription=\"slide\" aria-label=\"1 de 1\"><figure class=\"swiper-slide-inner\"><img decoding=\"async\" class=\"swiper-slide-image\" src=\"https:\/\/ipixuna.am.gov.br\/wp-content\/uploads\/2025\/06\/dia-do.jpg\" alt=\"dia do\" \/><\/figure><\/div>\t\t\t<\/div>\n\t\t\t\t\t<\/div>\n\t\t\t\t\t\t<\/div>\n\t\t\t\t<\/div>\n\t\t\t\t<\/div>\n\t\t\t\t\t<\/div>\n\t\t\t\t<\/div>\n\t\t\t\t<\/div>\n\t\t","protected":false},"excerpt":{"rendered":"<p>No pr\u00f3ximo dia 1\u00ba de julho, Ipixuna celebrar\u00e1 o Dia do Evang\u00e9lico. A partir das 17h, a cidade ser\u00e1 palco da tradicional Marcha para Jesus, com concentra\u00e7\u00e3o na Pra\u00e7a Juru\u00e1 e percurso pelas principais ruas at\u00e9 o Centro Poliesportivo.Antes do show principal, o p\u00fablico poder\u00e1 participar de um pr\u00e9-show com apresenta\u00e7\u00f5es de louvor, coreografias e mensagens edificantes preparadas pelas igrejas locais. O encerramento da noite ser\u00e1 com um grande show nacional do cantor Leandro Borges, um dos nomes mais queridos da m\u00fasica gospel brasileira.O evento \u00e9 uma realiza\u00e7\u00e3o da OMEI \u2013 Ordem dos Ministros Evang\u00e9licos de Ipixuna, com apoio da Prefeitura Municipal de Ipixuna, por meio da Secretaria de Cultura e Turismo.\u00a0Prefeitura de Ipixuna &#8211; O trabalho continua!<\/p>\n","protected":false},"author":3,"featured_media":0,"comment_status":"closed","ping_status":"open","sticky":false,"template":"","format":"standard","meta":{"footnotes":""},"categories":[12],"tags":[],"class_list":["post-5011","post","type-post","status-publish","format-standard","hentry","category-prefeitura","entry"],"_links":{"self":[{"href":"https:\/\/ipixuna.am.gov.br\/wp-json\/wp\/v2\/posts\/5011","targetHints":{"allow":["GET"]}}],"collection":[{"href":"https:\/\/ipixuna.am.gov.br\/wp-json\/wp\/v2\/posts"}],"about":[{"href":"https:\/\/ipixuna.am.gov.br\/wp-json\/wp\/v2\/types\/post"}],"author":[{"embeddable":true,"href":"https:\/\/ipixuna.am.gov.br\/wp-json\/wp\/v2\/users\/3"}],"replies":[{"embeddable":true,"href":"https:\/\/ipixuna.am.gov.br\/wp-json\/wp\/v2\/comments?post=5011"}],"version-history":[{"count":4,"href":"https:\/\/ipixuna.am.gov.br\/wp-json\/wp\/v2\/posts\/5011\/revisions"}],"predecessor-version":[{"id":5015,"href":"https:\/\/ipixuna.am.gov.br\/wp-json\/wp\/v2\/posts\/5011\/revisions\/5015"}],"wp:attachment":[{"href":"https:\/\/ipixuna.am.gov.br\/wp-json\/wp\/v2\/media?parent=5011"}],"wp:term":[{"taxonomy":"category","embeddable":true,"href":"https:\/\/ipixuna.am.gov.br\/wp-json\/wp\/v2\/categories?post=5011"},{"taxonomy":"post_tag","embeddable":true,"href":"https:\/\/ipixuna.am.gov.br\/wp-json\/wp\/v2\/tags?post=5011"}],"curies":[{"name":"wp","href":"https:\/\/api.w.org\/{rel}","templated":true}]}}