{"id":4634,"date":"2025-05-30T21:31:33","date_gmt":"2025-05-30T21:31:33","guid":{"rendered":"https:\/\/ipixuna.am.gov.br\/?p=4634"},"modified":"2025-05-30T21:32:51","modified_gmt":"2025-05-30T21:32:51","slug":"saude-ipixuna-sediou-entre-os-dias-26-e-29-de-maio-a-semana-de-capacitacao-profissional-2025","status":"publish","type":"post","link":"https:\/\/ipixuna.am.gov.br\/2025\/05\/30\/saude-ipixuna-sediou-entre-os-dias-26-e-29-de-maio-a-semana-de-capacitacao-profissional-2025\/","title":{"rendered":"SA\u00daDE | Ipixuna sediou, entre os dias 26 e 29 de maio, a Semana de Capacita\u00e7\u00e3o Profissional 2025"},"content":{"rendered":"\t\t<div data-elementor-type=\"wp-post\" data-elementor-id=\"4634\" class=\"elementor elementor-4634\" data-elementor-post-type=\"post\">\n\t\t\t\t<div class=\"elementor-element elementor-element-ce9260d e-flex e-con-boxed wpr-particle-no wpr-jarallax-no wpr-parallax-no wpr-sticky-section-no e-con e-parent\" data-id=\"ce9260d\" data-element_type=\"container\" data-e-type=\"container\">\n\t\t\t\t\t<div class=\"e-con-inner\">\n\t\t<div class=\"elementor-element elementor-element-5055d89 e-con-full e-flex wpr-particle-no wpr-jarallax-no wpr-parallax-no wpr-sticky-section-no e-con e-child\" data-id=\"5055d89\" data-element_type=\"container\" data-e-type=\"container\">\n\t\t\t\t<div class=\"elementor-element elementor-element-1746c87 elementor-widget elementor-widget-text-editor\" data-id=\"1746c87\" data-element_type=\"widget\" data-e-type=\"widget\" data-widget_type=\"text-editor.default\">\n\t\t\t\t<div class=\"elementor-widget-container\">\n\t\t\t\t\t\t\t\t\t<div class=\"xdj266r x11i5rnm xat24cr x1mh8g0r x1vvkbs x126k92a\"><div dir=\"auto\">um evento promovido pela Secretaria Municipal de Sa\u00fade, com apoio do Conselho de Secretarias Municipais de Sa\u00fade do Amazonas (COSEMS-AM). A programa\u00e7\u00e3o aconteceu na nova sede da Secretaria Municipal de Sa\u00fade, localizada na Rua Domingos Barroso, no antigo Centro de Conviv\u00eancia.<\/div><\/div><div class=\"x11i5rnm xat24cr x1mh8g0r x1vvkbs xtlvy1s x126k92a\"><div dir=\"auto\">A iniciativa teve como principal objetivo qualificar e atualizar os profissionais que atuam na aten\u00e7\u00e3o b\u00e1sica do munic\u00edpio, fortalecendo as a\u00e7\u00f5es em sa\u00fade e aprimorando os servi\u00e7os prestados \u00e0 popula\u00e7\u00e3o ipixunense.<\/div><\/div><div class=\"x11i5rnm xat24cr x1mh8g0r x1vvkbs xtlvy1s x126k92a\"><div dir=\"auto\">A programa\u00e7\u00e3o foi organizada por categorias profissionais, iniciando no dia 26 de maio, com capacita\u00e7\u00e3o voltada aos Agentes Comunit\u00e1rios de Sa\u00fade. No dia seguinte, 27 de maio, os treinamentos foram direcionados, pela manh\u00e3, aos enfermeiros e t\u00e9cnicos da aten\u00e7\u00e3o b\u00e1sica, e, \u00e0 tarde, \u00e0s equipes multiprofissionais.<\/div><\/div><div class=\"x11i5rnm xat24cr x1mh8g0r x1vvkbs xtlvy1s x126k92a\"><div dir=\"auto\">No dia 28 de maio, foi a vez de todos os coordenadores municipais participarem das atividades de forma\u00e7\u00e3o, refor\u00e7ando o compromisso com a gest\u00e3o qualificada e humanizada da sa\u00fade p\u00fablica. Encerrando a semana, no dia 29 de maio, as capacita\u00e7\u00f5es foram destinadas, pela manh\u00e3, aos m\u00e9dicos da aten\u00e7\u00e3o b\u00e1sica e, \u00e0 tarde, aos recepcionistas que atuam nas unidades de sa\u00fade.<\/div><\/div><div class=\"x11i5rnm xat24cr x1mh8g0r x1vvkbs xtlvy1s x126k92a\"><div dir=\"auto\">Um dos destaques da Semana de Capacita\u00e7\u00e3o foi a participa\u00e7\u00e3o da apoiadora Liliam Silva, representante do COSEMS-AM, que contribuiu significativamente para a realiza\u00e7\u00e3o das atividades formativas, oferecendo suporte t\u00e9cnico e metodol\u00f3gico, al\u00e9m de compartilhar experi\u00eancias importantes para o fortalecimento do Sistema \u00danico de Sa\u00fade (SUS) no munic\u00edpio.<\/div><\/div><div class=\"x11i5rnm xat24cr x1mh8g0r x1vvkbs xtlvy1s x126k92a\"><div dir=\"auto\">A Prefeitura Municipal de Ipixuna, por meio da Secretaria de Sa\u00fade, reafirma seu compromisso com a qualifica\u00e7\u00e3o cont\u00ednua dos servidores da sa\u00fade e com a promo\u00e7\u00e3o de um atendimento mais eficiente e humanizado \u00e0 popula\u00e7\u00e3o.<\/div><div dir=\"auto\">\u00a0<\/div><\/div><div class=\"x11i5rnm xat24cr x1mh8g0r x1vvkbs xtlvy1s x126k92a\"><div dir=\"auto\"><strong>Prefeitura de Ipixuna &#8211; O trabalho continua!<\/strong><\/div><\/div>\t\t\t\t\t\t\t\t<\/div>\n\t\t\t\t<\/div>\n\t\t\t\t<\/div>\n\t\t<div class=\"elementor-element elementor-element-357733a e-con-full e-flex wpr-particle-no wpr-jarallax-no wpr-parallax-no wpr-sticky-section-no e-con e-child\" data-id=\"357733a\" data-element_type=\"container\" data-e-type=\"container\">\n\t\t\t\t<div class=\"elementor-element elementor-element-f402b89 elementor-arrows-position-inside elementor-pagination-position-outside elementor-widget elementor-widget-image-carousel\" data-id=\"f402b89\" data-element_type=\"widget\" data-e-type=\"widget\" data-settings=\"{&quot;slides_to_show&quot;:&quot;1&quot;,&quot;navigation&quot;:&quot;both&quot;,&quot;autoplay&quot;:&quot;yes&quot;,&quot;pause_on_hover&quot;:&quot;yes&quot;,&quot;pause_on_interaction&quot;:&quot;yes&quot;,&quot;autoplay_speed&quot;:5000,&quot;infinite&quot;:&quot;yes&quot;,&quot;effect&quot;:&quot;slide&quot;,&quot;speed&quot;:500}\" data-widget_type=\"image-carousel.default\">\n\t\t\t\t<div class=\"elementor-widget-container\">\n\t\t\t\t\t\t\t<div class=\"elementor-image-carousel-wrapper swiper\" role=\"region\" aria-roledescription=\"carousel\" aria-label=\"Carrossel de imagens\" dir=\"ltr\">\n\t\t\t<div class=\"elementor-image-carousel swiper-wrapper\" aria-live=\"off\">\n\t\t\t\t\t\t\t\t<div class=\"swiper-slide\" role=\"group\" aria-roledescription=\"slide\" aria-label=\"1 de 15\"><figure class=\"swiper-slide-inner\"><img decoding=\"async\" class=\"swiper-slide-image\" src=\"https:\/\/ipixuna.am.gov.br\/wp-content\/uploads\/2025\/05\/3-10.jpg\" alt=\"Ipixuna sediou, entre os dias 26 e 29 de maio, a Semana de Capacita\u00e7\u00e3o Profissional 2025\" \/><\/figure><\/div><div class=\"swiper-slide\" role=\"group\" aria-roledescription=\"slide\" aria-label=\"2 de 15\"><figure class=\"swiper-slide-inner\"><img decoding=\"async\" class=\"swiper-slide-image\" src=\"https:\/\/ipixuna.am.gov.br\/wp-content\/uploads\/2025\/05\/1-14.jpg\" alt=\"Ipixuna sediou, entre os dias 26 e 29 de maio, a Semana de Capacita\u00e7\u00e3o Profissional 2025\" \/><\/figure><\/div><div class=\"swiper-slide\" role=\"group\" aria-roledescription=\"slide\" aria-label=\"3 de 15\"><figure class=\"swiper-slide-inner\"><img decoding=\"async\" class=\"swiper-slide-image\" src=\"https:\/\/ipixuna.am.gov.br\/wp-content\/uploads\/2025\/05\/2-11.jpg\" alt=\"Ipixuna sediou, entre os dias 26 e 29 de maio, a Semana de Capacita\u00e7\u00e3o Profissional 2025\" \/><\/figure><\/div><div class=\"swiper-slide\" role=\"group\" aria-roledescription=\"slide\" aria-label=\"4 de 15\"><figure class=\"swiper-slide-inner\"><img decoding=\"async\" class=\"swiper-slide-image\" src=\"https:\/\/ipixuna.am.gov.br\/wp-content\/uploads\/2025\/05\/4-7.jpg\" alt=\"Ipixuna sediou, entre os dias 26 e 29 de maio, a Semana de Capacita\u00e7\u00e3o Profissional 2025\" \/><\/figure><\/div><div class=\"swiper-slide\" role=\"group\" aria-roledescription=\"slide\" aria-label=\"5 de 15\"><figure class=\"swiper-slide-inner\"><img decoding=\"async\" class=\"swiper-slide-image\" src=\"https:\/\/ipixuna.am.gov.br\/wp-content\/uploads\/2025\/05\/6-8.jpg\" alt=\"Ipixuna sediou, entre os dias 26 e 29 de maio, a Semana de Capacita\u00e7\u00e3o Profissional 2025\" \/><\/figure><\/div><div class=\"swiper-slide\" role=\"group\" aria-roledescription=\"slide\" aria-label=\"6 de 15\"><figure class=\"swiper-slide-inner\"><img decoding=\"async\" class=\"swiper-slide-image\" src=\"https:\/\/ipixuna.am.gov.br\/wp-content\/uploads\/2025\/05\/7-7.jpg\" alt=\"Ipixuna sediou, entre os dias 26 e 29 de maio, a Semana de Capacita\u00e7\u00e3o Profissional 2025\" \/><\/figure><\/div><div class=\"swiper-slide\" role=\"group\" aria-roledescription=\"slide\" aria-label=\"7 de 15\"><figure class=\"swiper-slide-inner\"><img decoding=\"async\" class=\"swiper-slide-image\" src=\"https:\/\/ipixuna.am.gov.br\/wp-content\/uploads\/2025\/05\/8-5.jpg\" alt=\"Ipixuna sediou, entre os dias 26 e 29 de maio, a Semana de Capacita\u00e7\u00e3o Profissional 2025\" \/><\/figure><\/div><div class=\"swiper-slide\" role=\"group\" aria-roledescription=\"slide\" aria-label=\"8 de 15\"><figure class=\"swiper-slide-inner\"><img decoding=\"async\" class=\"swiper-slide-image\" src=\"https:\/\/ipixuna.am.gov.br\/wp-content\/uploads\/2025\/05\/9-3.jpg\" alt=\"Ipixuna sediou, entre os dias 26 e 29 de maio, a Semana de Capacita\u00e7\u00e3o Profissional 2025\" \/><\/figure><\/div><div class=\"swiper-slide\" role=\"group\" aria-roledescription=\"slide\" aria-label=\"9 de 15\"><figure class=\"swiper-slide-inner\"><img decoding=\"async\" class=\"swiper-slide-image\" src=\"https:\/\/ipixuna.am.gov.br\/wp-content\/uploads\/2025\/05\/10-2.jpg\" alt=\"Ipixuna sediou, entre os dias 26 e 29 de maio, a Semana de Capacita\u00e7\u00e3o Profissional 2025\" \/><\/figure><\/div><div class=\"swiper-slide\" role=\"group\" aria-roledescription=\"slide\" aria-label=\"10 de 15\"><figure class=\"swiper-slide-inner\"><img decoding=\"async\" class=\"swiper-slide-image\" src=\"https:\/\/ipixuna.am.gov.br\/wp-content\/uploads\/2025\/05\/11-4.jpg\" alt=\"Ipixuna sediou, entre os dias 26 e 29 de maio, a Semana de Capacita\u00e7\u00e3o Profissional 2025\" \/><\/figure><\/div><div class=\"swiper-slide\" role=\"group\" aria-roledescription=\"slide\" aria-label=\"11 de 15\"><figure class=\"swiper-slide-inner\"><img decoding=\"async\" class=\"swiper-slide-image\" src=\"https:\/\/ipixuna.am.gov.br\/wp-content\/uploads\/2025\/05\/12-2.jpg\" alt=\"Ipixuna sediou, entre os dias 26 e 29 de maio, a Semana de Capacita\u00e7\u00e3o Profissional 2025\" \/><\/figure><\/div><div class=\"swiper-slide\" role=\"group\" aria-roledescription=\"slide\" aria-label=\"12 de 15\"><figure class=\"swiper-slide-inner\"><img decoding=\"async\" class=\"swiper-slide-image\" src=\"https:\/\/ipixuna.am.gov.br\/wp-content\/uploads\/2025\/05\/13-2.jpg\" alt=\"Ipixuna sediou, entre os dias 26 e 29 de maio, a Semana de Capacita\u00e7\u00e3o Profissional 2025\" \/><\/figure><\/div><div class=\"swiper-slide\" role=\"group\" aria-roledescription=\"slide\" aria-label=\"13 de 15\"><figure class=\"swiper-slide-inner\"><img decoding=\"async\" class=\"swiper-slide-image\" src=\"https:\/\/ipixuna.am.gov.br\/wp-content\/uploads\/2025\/05\/14-2.jpg\" alt=\"Ipixuna sediou, entre os dias 26 e 29 de maio, a Semana de Capacita\u00e7\u00e3o Profissional 2025\" \/><\/figure><\/div><div class=\"swiper-slide\" role=\"group\" aria-roledescription=\"slide\" aria-label=\"14 de 15\"><figure class=\"swiper-slide-inner\"><img decoding=\"async\" class=\"swiper-slide-image\" src=\"https:\/\/ipixuna.am.gov.br\/wp-content\/uploads\/2025\/05\/15-1.jpg\" alt=\"Ipixuna sediou, entre os dias 26 e 29 de maio, a Semana de Capacita\u00e7\u00e3o Profissional 2025\" \/><\/figure><\/div><div class=\"swiper-slide\" role=\"group\" aria-roledescription=\"slide\" aria-label=\"15 de 15\"><figure class=\"swiper-slide-inner\"><img decoding=\"async\" class=\"swiper-slide-image\" src=\"https:\/\/ipixuna.am.gov.br\/wp-content\/uploads\/2025\/05\/16.jpg\" alt=\"Ipixuna sediou, entre os dias 26 e 29 de maio, a Semana de Capacita\u00e7\u00e3o Profissional 2025\" \/><\/figure><\/div>\t\t\t<\/div>\n\t\t\t\t\t\t\t\t\t\t\t\t<div class=\"elementor-swiper-button elementor-swiper-button-prev\" role=\"button\" tabindex=\"0\">\n\t\t\t\t\t\t<svg aria-hidden=\"true\" class=\"e-font-icon-svg e-eicon-chevron-left\" viewBox=\"0 0 1000 1000\" xmlns=\"http:\/\/www.w3.org\/2000\/svg\"><path d=\"M646 125C629 125 613 133 604 142L308 442C296 454 292 471 292 487 292 504 296 521 308 533L604 854C617 867 629 875 646 875 663 875 679 871 692 858 704 846 713 829 713 812 713 796 708 779 692 767L438 487 692 225C700 217 708 204 708 187 708 171 704 154 692 142 675 129 663 125 646 125Z\"><\/path><\/svg>\t\t\t\t\t<\/div>\n\t\t\t\t\t<div class=\"elementor-swiper-button elementor-swiper-button-next\" role=\"button\" tabindex=\"0\">\n\t\t\t\t\t\t<svg aria-hidden=\"true\" class=\"e-font-icon-svg e-eicon-chevron-right\" viewBox=\"0 0 1000 1000\" xmlns=\"http:\/\/www.w3.org\/2000\/svg\"><path d=\"M696 533C708 521 713 504 713 487 713 471 708 454 696 446L400 146C388 133 375 125 354 125 338 125 325 129 313 142 300 154 292 171 292 187 292 204 296 221 308 233L563 492 304 771C292 783 288 800 288 817 288 833 296 850 308 863 321 871 338 875 354 875 371 875 388 867 400 854L696 533Z\"><\/path><\/svg>\t\t\t\t\t<\/div>\n\t\t\t\t\n\t\t\t\t\t\t\t\t\t<div class=\"swiper-pagination\"><\/div>\n\t\t\t\t\t\t\t\t\t<\/div>\n\t\t\t\t\t\t<\/div>\n\t\t\t\t<\/div>\n\t\t\t\t<\/div>\n\t\t\t\t\t<\/div>\n\t\t\t\t<\/div>\n\t\t\t\t<\/div>\n\t\t","protected":false},"excerpt":{"rendered":"<p>um evento promovido pela Secretaria Municipal de Sa\u00fade, com apoio do Conselho de Secretarias Municipais de Sa\u00fade do Amazonas (COSEMS-AM). A programa\u00e7\u00e3o aconteceu na nova sede da Secretaria Municipal de Sa\u00fade, localizada na Rua Domingos Barroso, no antigo Centro de Conviv\u00eancia.A iniciativa teve como principal objetivo qualificar e atualizar os profissionais que atuam na aten\u00e7\u00e3o b\u00e1sica do munic\u00edpio, fortalecendo as a\u00e7\u00f5es em sa\u00fade e aprimorando os servi\u00e7os prestados \u00e0 popula\u00e7\u00e3o ipixunense.A programa\u00e7\u00e3o foi organizada por categorias profissionais, iniciando no dia 26 de maio, com capacita\u00e7\u00e3o voltada aos Agentes Comunit\u00e1rios de Sa\u00fade. No dia seguinte, 27 de maio, os treinamentos foram direcionados, pela manh\u00e3, aos enfermeiros e t\u00e9cnicos da aten\u00e7\u00e3o b\u00e1sica, e, \u00e0 tarde, \u00e0s equipes multiprofissionais.No dia 28 de maio, foi a vez de todos os coordenadores municipais participarem das atividades de forma\u00e7\u00e3o, refor\u00e7ando o compromisso com a gest\u00e3o qualificada e humanizada da sa\u00fade p\u00fablica. Encerrando a semana, no dia 29 de maio, as capacita\u00e7\u00f5es foram destinadas, pela manh\u00e3, aos m\u00e9dicos da aten\u00e7\u00e3o b\u00e1sica e, \u00e0 tarde, aos recepcionistas que atuam nas unidades de sa\u00fade.Um dos destaques da Semana de Capacita\u00e7\u00e3o foi a participa\u00e7\u00e3o da apoiadora Liliam Silva, representante do COSEMS-AM, que contribuiu significativamente para a realiza\u00e7\u00e3o das atividades formativas, oferecendo suporte t\u00e9cnico e metodol\u00f3gico, al\u00e9m de compartilhar experi\u00eancias importantes para o fortalecimento do Sistema \u00danico de Sa\u00fade (SUS) no munic\u00edpio.A Prefeitura Municipal de Ipixuna, por meio da Secretaria de Sa\u00fade, reafirma seu compromisso com a qualifica\u00e7\u00e3o cont\u00ednua dos servidores da sa\u00fade e com a promo\u00e7\u00e3o de um atendimento mais eficiente e humanizado \u00e0 popula\u00e7\u00e3o.\u00a0Prefeitura de Ipixuna &#8211; O trabalho continua!<\/p>\n","protected":false},"author":3,"featured_media":4636,"comment_status":"closed","ping_status":"open","sticky":false,"template":"","format":"standard","meta":{"footnotes":""},"categories":[66],"tags":[],"class_list":["post-4634","post","type-post","status-publish","format-standard","has-post-thumbnail","hentry","category-saude","entry"],"_links":{"self":[{"href":"https:\/\/ipixuna.am.gov.br\/wp-json\/wp\/v2\/posts\/4634","targetHints":{"allow":["GET"]}}],"collection":[{"href":"https:\/\/ipixuna.am.gov.br\/wp-json\/wp\/v2\/posts"}],"about":[{"href":"https:\/\/ipixuna.am.gov.br\/wp-json\/wp\/v2\/types\/post"}],"author":[{"embeddable":true,"href":"https:\/\/ipixuna.am.gov.br\/wp-json\/wp\/v2\/users\/3"}],"replies":[{"embeddable":true,"href":"https:\/\/ipixuna.am.gov.br\/wp-json\/wp\/v2\/comments?post=4634"}],"version-history":[{"count":4,"href":"https:\/\/ipixuna.am.gov.br\/wp-json\/wp\/v2\/posts\/4634\/revisions"}],"predecessor-version":[{"id":4653,"href":"https:\/\/ipixuna.am.gov.br\/wp-json\/wp\/v2\/posts\/4634\/revisions\/4653"}],"wp:featuredmedia":[{"embeddable":true,"href":"https:\/\/ipixuna.am.gov.br\/wp-json\/wp\/v2\/media\/4636"}],"wp:attachment":[{"href":"https:\/\/ipixuna.am.gov.br\/wp-json\/wp\/v2\/media?parent=4634"}],"wp:term":[{"taxonomy":"category","embeddable":true,"href":"https:\/\/ipixuna.am.gov.br\/wp-json\/wp\/v2\/categories?post=4634"},{"taxonomy":"post_tag","embeddable":true,"href":"https:\/\/ipixuna.am.gov.br\/wp-json\/wp\/v2\/tags?post=4634"}],"curies":[{"name":"wp","href":"https:\/\/api.w.org\/{rel}","templated":true}]}}