{"id":4625,"date":"2025-05-29T21:25:56","date_gmt":"2025-05-29T21:25:56","guid":{"rendered":"https:\/\/ipixuna.am.gov.br\/index.php\/2025\/05\/29\/pregao-no-015-2025\/"},"modified":"2025-05-29T21:26:21","modified_gmt":"2025-05-29T21:26:21","slug":"pregao-no-015-2025","status":"publish","type":"post","link":"https:\/\/ipixuna.am.gov.br\/2025\/05\/29\/pregao-no-015-2025\/","title":{"rendered":"PREG\u00c3O N\u00ba 015\/2025"},"content":{"rendered":"<p>Fornecimento de ve\u00edculo utilit\u00e1rio tipo van, destinado atender as necessidades da Secretaria Municipal de Assist\u00eancia Social da Prefeitura Municipal de Ipixuna.<\/p>\n","protected":false},"excerpt":{"rendered":"<p>Fornecimento de ve\u00edculo utilit\u00e1rio tipo van, destinado atender as necessidades da Secretaria Municipal de Assist\u00eancia Social da Prefeitura Municipal de Ipixuna.<\/p>\n","protected":false},"author":2,"featured_media":0,"comment_status":"closed","ping_status":"open","sticky":false,"template":"","format":"standard","meta":{"footnotes":""},"categories":[30],"tags":[],"class_list":["post-4625","post","type-post","status-publish","format-standard","hentry","category-pregao-presencial","entry"],"_links":{"self":[{"href":"https:\/\/ipixuna.am.gov.br\/wp-json\/wp\/v2\/posts\/4625","targetHints":{"allow":["GET"]}}],"collection":[{"href":"https:\/\/ipixuna.am.gov.br\/wp-json\/wp\/v2\/posts"}],"about":[{"href":"https:\/\/ipixuna.am.gov.br\/wp-json\/wp\/v2\/types\/post"}],"author":[{"embeddable":true,"href":"https:\/\/ipixuna.am.gov.br\/wp-json\/wp\/v2\/users\/2"}],"replies":[{"embeddable":true,"href":"https:\/\/ipixuna.am.gov.br\/wp-json\/wp\/v2\/comments?post=4625"}],"version-history":[{"count":1,"href":"https:\/\/ipixuna.am.gov.br\/wp-json\/wp\/v2\/posts\/4625\/revisions"}],"predecessor-version":[{"id":4626,"href":"https:\/\/ipixuna.am.gov.br\/wp-json\/wp\/v2\/posts\/4625\/revisions\/4626"}],"wp:attachment":[{"href":"https:\/\/ipixuna.am.gov.br\/wp-json\/wp\/v2\/media?parent=4625"}],"wp:term":[{"taxonomy":"category","embeddable":true,"href":"https:\/\/ipixuna.am.gov.br\/wp-json\/wp\/v2\/categories?post=4625"},{"taxonomy":"post_tag","embeddable":true,"href":"https:\/\/ipixuna.am.gov.br\/wp-json\/wp\/v2\/tags?post=4625"}],"curies":[{"name":"wp","href":"https:\/\/api.w.org\/{rel}","templated":true}]}}