{"id":4111,"date":"2025-05-27T01:30:49","date_gmt":"2025-05-27T01:30:49","guid":{"rendered":"https:\/\/ipixuna.am.gov.br\/?p=4111"},"modified":"2025-05-27T13:12:22","modified_gmt":"2025-05-27T13:12:22","slug":"semana-de-capacitacao-profissional-2025-tem-inicio-com-foco-nos-agentes-comunitarios-de-saude","status":"publish","type":"post","link":"https:\/\/ipixuna.am.gov.br\/2025\/05\/27\/semana-de-capacitacao-profissional-2025-tem-inicio-com-foco-nos-agentes-comunitarios-de-saude\/","title":{"rendered":"Semana de Capacita\u00e7\u00e3o Profissional 2025 tem in\u00edcio com foco nos Agentes Comunit\u00e1rios de Sa\u00fade"},"content":{"rendered":"\t\t<div data-elementor-type=\"wp-post\" data-elementor-id=\"4111\" class=\"elementor elementor-4111\" data-elementor-post-type=\"post\">\n\t\t\t\t<div class=\"elementor-element elementor-element-bba7ce7 e-flex e-con-boxed wpr-particle-no wpr-jarallax-no wpr-parallax-no wpr-sticky-section-no e-con e-parent\" data-id=\"bba7ce7\" data-element_type=\"container\" data-e-type=\"container\">\n\t\t\t\t\t<div class=\"e-con-inner\">\n\t\t<div class=\"elementor-element elementor-element-3f48875 e-con-full e-flex wpr-particle-no wpr-jarallax-no wpr-parallax-no wpr-sticky-section-no e-con e-child\" data-id=\"3f48875\" data-element_type=\"container\" data-e-type=\"container\">\n\t\t\t\t<div class=\"elementor-element elementor-element-25510b7 elementor-widget elementor-widget-text-editor\" data-id=\"25510b7\" data-element_type=\"widget\" data-e-type=\"widget\" data-widget_type=\"text-editor.default\">\n\t\t\t\t<div class=\"elementor-widget-container\">\n\t\t\t\t\t\t\t\t\t\n<p>Nesta segunda-feira (26), teve in\u00edcio a Semana de Capacita\u00e7\u00e3o Profissional 2025, reunindo profissionais da \u00e1rea da sa\u00fade no munic\u00edpio de Ipixuna. A abertura contou com a presen\u00e7a da apoiadora do COSEMS-AM, Liliam, que conduziu uma oficina voltada para os Agentes Comunit\u00e1rios de Sa\u00fade (ACS).<\/p>\n\n<p>Durante a atividade, foram abordados processos de trabalho e metodologias espec\u00edficas que fortalecem as a\u00e7\u00f5es dos ACS no territ\u00f3rio, com foco na qualifica\u00e7\u00e3o e no aprimoramento das pr\u00e1ticas desenvolvidas na Aten\u00e7\u00e3o Prim\u00e1ria \u00e0 Sa\u00fade. A programa\u00e7\u00e3o segue ao longo da semana, contemplando diversos segmentos da sa\u00fade municipal.<\/p>\n\n<p><strong>Prefeitura de Ipixuna &#8211; O trabalho continua!<\/strong><\/p>\n\n<p>\u00a0<\/p>\n\t\t\t\t\t\t\t\t<\/div>\n\t\t\t\t<\/div>\n\t\t\t\t<\/div>\n\t\t<div class=\"elementor-element elementor-element-5ed64cb e-con-full e-flex wpr-particle-no wpr-jarallax-no wpr-parallax-no wpr-sticky-section-no e-con e-child\" data-id=\"5ed64cb\" data-element_type=\"container\" data-e-type=\"container\">\n\t\t\t\t<div class=\"elementor-element elementor-element-5edffb9 elementor-arrows-position-inside elementor-pagination-position-outside elementor-widget elementor-widget-image-carousel\" data-id=\"5edffb9\" data-element_type=\"widget\" data-e-type=\"widget\" data-settings=\"{&quot;slides_to_show&quot;:&quot;1&quot;,&quot;navigation&quot;:&quot;both&quot;,&quot;autoplay&quot;:&quot;yes&quot;,&quot;pause_on_hover&quot;:&quot;yes&quot;,&quot;pause_on_interaction&quot;:&quot;yes&quot;,&quot;autoplay_speed&quot;:5000,&quot;infinite&quot;:&quot;yes&quot;,&quot;effect&quot;:&quot;slide&quot;,&quot;speed&quot;:500}\" data-widget_type=\"image-carousel.default\">\n\t\t\t\t<div class=\"elementor-widget-container\">\n\t\t\t\t\t\t\t<div class=\"elementor-image-carousel-wrapper swiper\" role=\"region\" aria-roledescription=\"carousel\" aria-label=\"Carrossel de imagens\" dir=\"ltr\">\n\t\t\t<div class=\"elementor-image-carousel swiper-wrapper\" aria-live=\"off\">\n\t\t\t\t\t\t\t\t<div class=\"swiper-slide\" role=\"group\" aria-roledescription=\"slide\" aria-label=\"1 de 7\"><figure class=\"swiper-slide-inner\"><img decoding=\"async\" class=\"swiper-slide-image\" src=\"https:\/\/ipixuna.am.gov.br\/wp-content\/uploads\/2025\/05\/5-6.jpg\" alt=\"Semana de Capacita\u00e7\u00e3o Profissional 2025 tem in\u00edcio com foco nos Agentes Comunit\u00e1rios de Sa\u00fade\" \/><\/figure><\/div><div class=\"swiper-slide\" role=\"group\" aria-roledescription=\"slide\" aria-label=\"2 de 7\"><figure class=\"swiper-slide-inner\"><img decoding=\"async\" class=\"swiper-slide-image\" src=\"https:\/\/ipixuna.am.gov.br\/wp-content\/uploads\/2025\/05\/1-12.jpg\" alt=\"Semana de Capacita\u00e7\u00e3o Profissional 2025 tem in\u00edcio com foco nos Agentes Comunit\u00e1rios de Sa\u00fade\" \/><\/figure><\/div><div class=\"swiper-slide\" role=\"group\" aria-roledescription=\"slide\" aria-label=\"3 de 7\"><figure class=\"swiper-slide-inner\"><img decoding=\"async\" class=\"swiper-slide-image\" src=\"https:\/\/ipixuna.am.gov.br\/wp-content\/uploads\/2025\/05\/2-9.jpg\" alt=\"Semana de Capacita\u00e7\u00e3o Profissional 2025 tem in\u00edcio com foco nos Agentes Comunit\u00e1rios de Sa\u00fade\" \/><\/figure><\/div><div class=\"swiper-slide\" role=\"group\" aria-roledescription=\"slide\" aria-label=\"4 de 7\"><figure class=\"swiper-slide-inner\"><img decoding=\"async\" class=\"swiper-slide-image\" src=\"https:\/\/ipixuna.am.gov.br\/wp-content\/uploads\/2025\/05\/3-8.jpg\" alt=\"Semana de Capacita\u00e7\u00e3o Profissional 2025 tem in\u00edcio com foco nos Agentes Comunit\u00e1rios de Sa\u00fade\" \/><\/figure><\/div><div class=\"swiper-slide\" role=\"group\" aria-roledescription=\"slide\" aria-label=\"5 de 7\"><figure class=\"swiper-slide-inner\"><img decoding=\"async\" class=\"swiper-slide-image\" src=\"https:\/\/ipixuna.am.gov.br\/wp-content\/uploads\/2025\/05\/8-4.jpg\" alt=\"Semana de Capacita\u00e7\u00e3o Profissional 2025 tem in\u00edcio com foco nos Agentes Comunit\u00e1rios de Sa\u00fade\" \/><\/figure><\/div><div class=\"swiper-slide\" role=\"group\" aria-roledescription=\"slide\" aria-label=\"6 de 7\"><figure class=\"swiper-slide-inner\"><img decoding=\"async\" class=\"swiper-slide-image\" src=\"https:\/\/ipixuna.am.gov.br\/wp-content\/uploads\/2025\/05\/7-6.jpg\" alt=\"Semana de Capacita\u00e7\u00e3o Profissional 2025 tem in\u00edcio com foco nos Agentes Comunit\u00e1rios de Sa\u00fade\" \/><\/figure><\/div><div class=\"swiper-slide\" role=\"group\" aria-roledescription=\"slide\" aria-label=\"7 de 7\"><figure class=\"swiper-slide-inner\"><img decoding=\"async\" class=\"swiper-slide-image\" src=\"https:\/\/ipixuna.am.gov.br\/wp-content\/uploads\/2025\/05\/6-7.jpg\" alt=\"Semana de Capacita\u00e7\u00e3o Profissional 2025 tem in\u00edcio com foco nos Agentes Comunit\u00e1rios de Sa\u00fade\" \/><\/figure><\/div>\t\t\t<\/div>\n\t\t\t\t\t\t\t\t\t\t\t\t<div class=\"elementor-swiper-button elementor-swiper-button-prev\" role=\"button\" tabindex=\"0\">\n\t\t\t\t\t\t<svg aria-hidden=\"true\" class=\"e-font-icon-svg e-eicon-chevron-left\" viewBox=\"0 0 1000 1000\" xmlns=\"http:\/\/www.w3.org\/2000\/svg\"><path d=\"M646 125C629 125 613 133 604 142L308 442C296 454 292 471 292 487 292 504 296 521 308 533L604 854C617 867 629 875 646 875 663 875 679 871 692 858 704 846 713 829 713 812 713 796 708 779 692 767L438 487 692 225C700 217 708 204 708 187 708 171 704 154 692 142 675 129 663 125 646 125Z\"><\/path><\/svg>\t\t\t\t\t<\/div>\n\t\t\t\t\t<div class=\"elementor-swiper-button elementor-swiper-button-next\" role=\"button\" tabindex=\"0\">\n\t\t\t\t\t\t<svg aria-hidden=\"true\" class=\"e-font-icon-svg e-eicon-chevron-right\" viewBox=\"0 0 1000 1000\" xmlns=\"http:\/\/www.w3.org\/2000\/svg\"><path d=\"M696 533C708 521 713 504 713 487 713 471 708 454 696 446L400 146C388 133 375 125 354 125 338 125 325 129 313 142 300 154 292 171 292 187 292 204 296 221 308 233L563 492 304 771C292 783 288 800 288 817 288 833 296 850 308 863 321 871 338 875 354 875 371 875 388 867 400 854L696 533Z\"><\/path><\/svg>\t\t\t\t\t<\/div>\n\t\t\t\t\n\t\t\t\t\t\t\t\t\t<div class=\"swiper-pagination\"><\/div>\n\t\t\t\t\t\t\t\t\t<\/div>\n\t\t\t\t\t\t<\/div>\n\t\t\t\t<\/div>\n\t\t\t\t<\/div>\n\t\t\t\t\t<\/div>\n\t\t\t\t<\/div>\n\t\t\t\t<\/div>\n\t\t","protected":false},"excerpt":{"rendered":"<p>Nesta segunda-feira (26), teve in\u00edcio a Semana de Capacita\u00e7\u00e3o Profissional 2025, reunindo profissionais da \u00e1rea da sa\u00fade no munic\u00edpio de Ipixuna. A abertura contou com a presen\u00e7a da apoiadora do COSEMS-AM, Liliam, que conduziu uma oficina voltada para os Agentes Comunit\u00e1rios de Sa\u00fade (ACS). Durante a atividade, foram abordados processos de trabalho e metodologias espec\u00edficas que fortalecem as a\u00e7\u00f5es dos ACS no territ\u00f3rio, com foco na qualifica\u00e7\u00e3o e no aprimoramento das pr\u00e1ticas desenvolvidas na Aten\u00e7\u00e3o Prim\u00e1ria \u00e0 Sa\u00fade. A programa\u00e7\u00e3o segue ao longo da semana, contemplando diversos segmentos da sa\u00fade municipal. Prefeitura de Ipixuna &#8211; O trabalho continua! \u00a0<\/p>\n","protected":false},"author":3,"featured_media":4115,"comment_status":"closed","ping_status":"open","sticky":false,"template":"","format":"standard","meta":{"footnotes":""},"categories":[66],"tags":[],"class_list":["post-4111","post","type-post","status-publish","format-standard","has-post-thumbnail","hentry","category-saude","entry"],"_links":{"self":[{"href":"https:\/\/ipixuna.am.gov.br\/wp-json\/wp\/v2\/posts\/4111","targetHints":{"allow":["GET"]}}],"collection":[{"href":"https:\/\/ipixuna.am.gov.br\/wp-json\/wp\/v2\/posts"}],"about":[{"href":"https:\/\/ipixuna.am.gov.br\/wp-json\/wp\/v2\/types\/post"}],"author":[{"embeddable":true,"href":"https:\/\/ipixuna.am.gov.br\/wp-json\/wp\/v2\/users\/3"}],"replies":[{"embeddable":true,"href":"https:\/\/ipixuna.am.gov.br\/wp-json\/wp\/v2\/comments?post=4111"}],"version-history":[{"count":10,"href":"https:\/\/ipixuna.am.gov.br\/wp-json\/wp\/v2\/posts\/4111\/revisions"}],"predecessor-version":[{"id":4140,"href":"https:\/\/ipixuna.am.gov.br\/wp-json\/wp\/v2\/posts\/4111\/revisions\/4140"}],"wp:featuredmedia":[{"embeddable":true,"href":"https:\/\/ipixuna.am.gov.br\/wp-json\/wp\/v2\/media\/4115"}],"wp:attachment":[{"href":"https:\/\/ipixuna.am.gov.br\/wp-json\/wp\/v2\/media?parent=4111"}],"wp:term":[{"taxonomy":"category","embeddable":true,"href":"https:\/\/ipixuna.am.gov.br\/wp-json\/wp\/v2\/categories?post=4111"},{"taxonomy":"post_tag","embeddable":true,"href":"https:\/\/ipixuna.am.gov.br\/wp-json\/wp\/v2\/tags?post=4111"}],"curies":[{"name":"wp","href":"https:\/\/api.w.org\/{rel}","templated":true}]}}