{"id":3635,"date":"2025-05-07T21:13:00","date_gmt":"2025-05-07T21:13:00","guid":{"rendered":"https:\/\/dominio.ipixuna.am.gov.br\/?p=3635"},"modified":"2025-05-20T21:14:58","modified_gmt":"2025-05-20T21:14:58","slug":"municipio-de-ipixuna-am-participa-da-i-assembleia-geral-dos-povos-indigenas-da-calha-do-jurua","status":"publish","type":"post","link":"https:\/\/ipixuna.am.gov.br\/2025\/05\/07\/municipio-de-ipixuna-am-participa-da-i-assembleia-geral-dos-povos-indigenas-da-calha-do-jurua\/","title":{"rendered":"Munic\u00edpio de Ipixuna\/AM participa da I Assembleia Geral dos Povos Ind\u00edgenas da Calha do Juru\u00e1"},"content":{"rendered":"\t\t<div data-elementor-type=\"wp-post\" data-elementor-id=\"3635\" class=\"elementor elementor-3635\" data-elementor-post-type=\"post\">\n\t\t\t\t<div class=\"elementor-element elementor-element-11a53e6 e-flex e-con-boxed wpr-particle-no wpr-jarallax-no wpr-parallax-no wpr-sticky-section-no e-con e-parent\" data-id=\"11a53e6\" data-element_type=\"container\" data-e-type=\"container\">\n\t\t\t\t\t<div class=\"e-con-inner\">\n\t\t<div class=\"elementor-element elementor-element-62e8a54 e-con-full e-flex wpr-particle-no wpr-jarallax-no wpr-parallax-no wpr-sticky-section-no e-con e-child\" data-id=\"62e8a54\" data-element_type=\"container\" data-e-type=\"container\">\n\t\t\t\t<div class=\"elementor-element elementor-element-703d53f elementor-widget elementor-widget-text-editor\" data-id=\"703d53f\" data-element_type=\"widget\" data-e-type=\"widget\" data-widget_type=\"text-editor.default\">\n\t\t\t\t<div class=\"elementor-widget-container\">\n\t\t\t\t\t\t\t\t\t\n<p>Nos dias 1, 2 e 3 de maio de 2025, foi realizada, na aldeia Flecheira, localizada no rio Tucum\u00e3, munic\u00edpio de Eirunep\u00e9\/AM, a I Assembleia Geral dos Povos Ind\u00edgenas da Calha do Juru\u00e1. O evento reuniu lideran\u00e7as ind\u00edgenas de diversos povos, representantes das prefeituras dos munic\u00edpios de Ipixuna, Eirunep\u00e9 al\u00e9m de institui\u00e7\u00f5es p\u00fablicas e representantes do movimento ind\u00edgena local.<\/p>\n\n<p>A Funda\u00e7\u00e3o Nacional dos Povos Ind\u00edgenas (FUNAI) esteve presente por meio do servidor Alfredo Hon\u00f3rio da Silva Neto, al\u00e9m da lideran\u00e7a ind\u00edgena Marlene Kulina, atual presidente da Organiza\u00e7\u00e3o dos Povos Ind\u00edgenas do Juru\u00e1 (OPIJU). O encontro contou ainda com participa\u00e7\u00e3o das lideran\u00e7as ind\u00edgenas de 4 Munic\u00edpios calha do Juru\u00e1.<\/p>\n\n<p>A Prefeita de Ipixuna, Paula Augusta, enviou uma delega\u00e7\u00e3o oficial para representar o munic\u00edpio. A comitiva foi composta por todas as lideran\u00e7as ind\u00edgenas e caciques das aldeias de Ipixuna, incluindo a vereadora ind\u00edgena Neca Kulina e o Secret\u00e1rio Municipal de Meio Ambiente, Bonfim Almeida.<\/p>\n\n<p>Segundo o secret\u00e1rio Bonfim Almeida, os principais temas debatidos durante os tr\u00eas dias de assembleia foram: melhorias na sa\u00fade ind\u00edgena, avan\u00e7os na educa\u00e7\u00e3o diferenciada e a\u00e7\u00f5es voltadas \u00e0 prote\u00e7\u00e3o territorial, com destaque para as den\u00fancias de invas\u00f5es em terras ind\u00edgenas sob responsabilidade da Funai.<\/p>\n\n<p>Outro ponto relevante da assembleia foi a demanda, por parte de todos os caciques presentes, pela realiza\u00e7\u00e3o de novas elei\u00e7\u00f5es para a diretoria da OPIJU. Ap\u00f3s intensos debates e articula\u00e7\u00f5es entre os munic\u00edpios e as lideran\u00e7as ind\u00edgenas, decidiu-se pela manuten\u00e7\u00e3o da atual presidente, senhora Marlene Kulina, e pela renova\u00e7\u00e3o parcial da diretoria da organiza\u00e7\u00e3o.<\/p>\n\n<p><strong>Prefeitura municipal de Ipixuna &#8211; O trabalho continua!<\/strong><\/p>\n\t\t\t\t\t\t\t\t<\/div>\n\t\t\t\t<\/div>\n\t\t\t\t<\/div>\n\t\t<div class=\"elementor-element elementor-element-199c24f e-con-full e-flex wpr-particle-no wpr-jarallax-no wpr-parallax-no wpr-sticky-section-no e-con e-child\" data-id=\"199c24f\" data-element_type=\"container\" data-e-type=\"container\">\n\t\t\t\t<div class=\"elementor-element elementor-element-7023041 elementor-arrows-position-inside elementor-pagination-position-outside elementor-widget elementor-widget-image-carousel\" data-id=\"7023041\" data-element_type=\"widget\" data-e-type=\"widget\" data-settings=\"{&quot;slides_to_show&quot;:&quot;1&quot;,&quot;navigation&quot;:&quot;both&quot;,&quot;autoplay&quot;:&quot;yes&quot;,&quot;pause_on_hover&quot;:&quot;yes&quot;,&quot;pause_on_interaction&quot;:&quot;yes&quot;,&quot;autoplay_speed&quot;:5000,&quot;infinite&quot;:&quot;yes&quot;,&quot;effect&quot;:&quot;slide&quot;,&quot;speed&quot;:500}\" data-widget_type=\"image-carousel.default\">\n\t\t\t\t<div class=\"elementor-widget-container\">\n\t\t\t\t\t\t\t<div class=\"elementor-image-carousel-wrapper swiper\" role=\"region\" aria-roledescription=\"carousel\" aria-label=\"Carrossel de imagens\" dir=\"ltr\">\n\t\t\t<div class=\"elementor-image-carousel swiper-wrapper\" aria-live=\"off\">\n\t\t\t\t\t\t\t\t<div class=\"swiper-slide\" role=\"group\" aria-roledescription=\"slide\" aria-label=\"1 de 8\"><figure class=\"swiper-slide-inner\"><img decoding=\"async\" class=\"swiper-slide-image\" src=\"https:\/\/ipixuna.am.gov.br\/wp-content\/uploads\/2025\/05\/11-3.jpg\" alt=\"Munic\u00edpio de Ipixuna\/AM participa da I Assembleia Geral dos Povos Ind\u00edgenas da Calha do Juru\u00e1\" \/><\/figure><\/div><div class=\"swiper-slide\" role=\"group\" aria-roledescription=\"slide\" aria-label=\"2 de 8\"><figure class=\"swiper-slide-inner\"><img decoding=\"async\" class=\"swiper-slide-image\" src=\"https:\/\/ipixuna.am.gov.br\/wp-content\/uploads\/2025\/05\/9-2.jpg\" alt=\"Munic\u00edpio de Ipixuna\/AM participa da I Assembleia Geral dos Povos Ind\u00edgenas da Calha do Juru\u00e1\" \/><\/figure><\/div><div class=\"swiper-slide\" role=\"group\" aria-roledescription=\"slide\" aria-label=\"3 de 8\"><figure class=\"swiper-slide-inner\"><img decoding=\"async\" class=\"swiper-slide-image\" src=\"https:\/\/ipixuna.am.gov.br\/wp-content\/uploads\/2025\/05\/7-4.jpg\" alt=\"Munic\u00edpio de Ipixuna\/AM participa da I Assembleia Geral dos Povos Ind\u00edgenas da Calha do Juru\u00e1\" \/><\/figure><\/div><div class=\"swiper-slide\" role=\"group\" aria-roledescription=\"slide\" aria-label=\"4 de 8\"><figure class=\"swiper-slide-inner\"><img decoding=\"async\" class=\"swiper-slide-image\" src=\"https:\/\/ipixuna.am.gov.br\/wp-content\/uploads\/2025\/05\/6-5.jpg\" alt=\"Munic\u00edpio de Ipixuna\/AM participa da I Assembleia Geral dos Povos Ind\u00edgenas da Calha do Juru\u00e1\" \/><\/figure><\/div><div class=\"swiper-slide\" role=\"group\" aria-roledescription=\"slide\" aria-label=\"5 de 8\"><figure class=\"swiper-slide-inner\"><img decoding=\"async\" class=\"swiper-slide-image\" src=\"https:\/\/ipixuna.am.gov.br\/wp-content\/uploads\/2025\/05\/5-3.jpg\" alt=\"Munic\u00edpio de Ipixuna\/AM participa da I Assembleia Geral dos Povos Ind\u00edgenas da Calha do Juru\u00e1\" \/><\/figure><\/div><div class=\"swiper-slide\" role=\"group\" aria-roledescription=\"slide\" aria-label=\"6 de 8\"><figure class=\"swiper-slide-inner\"><img decoding=\"async\" class=\"swiper-slide-image\" src=\"https:\/\/ipixuna.am.gov.br\/wp-content\/uploads\/2025\/05\/4-4.jpg\" alt=\"Munic\u00edpio de Ipixuna\/AM participa da I Assembleia Geral dos Povos Ind\u00edgenas da Calha do Juru\u00e1\" \/><\/figure><\/div><div class=\"swiper-slide\" role=\"group\" aria-roledescription=\"slide\" aria-label=\"7 de 8\"><figure class=\"swiper-slide-inner\"><img decoding=\"async\" class=\"swiper-slide-image\" src=\"https:\/\/ipixuna.am.gov.br\/wp-content\/uploads\/2025\/05\/1-6.jpg\" alt=\"Munic\u00edpio de Ipixuna\/AM participa da I Assembleia Geral dos Povos Ind\u00edgenas da Calha do Juru\u00e1\" \/><\/figure><\/div><div class=\"swiper-slide\" role=\"group\" aria-roledescription=\"slide\" aria-label=\"8 de 8\"><figure class=\"swiper-slide-inner\"><img decoding=\"async\" class=\"swiper-slide-image\" src=\"https:\/\/ipixuna.am.gov.br\/wp-content\/uploads\/2025\/05\/2-4.jpg\" alt=\"Munic\u00edpio de Ipixuna\/AM participa da I Assembleia Geral dos Povos Ind\u00edgenas da Calha do Juru\u00e1\" \/><\/figure><\/div>\t\t\t<\/div>\n\t\t\t\t\t\t\t\t\t\t\t\t<div class=\"elementor-swiper-button elementor-swiper-button-prev\" role=\"button\" tabindex=\"0\">\n\t\t\t\t\t\t<svg aria-hidden=\"true\" class=\"e-font-icon-svg e-eicon-chevron-left\" viewBox=\"0 0 1000 1000\" xmlns=\"http:\/\/www.w3.org\/2000\/svg\"><path d=\"M646 125C629 125 613 133 604 142L308 442C296 454 292 471 292 487 292 504 296 521 308 533L604 854C617 867 629 875 646 875 663 875 679 871 692 858 704 846 713 829 713 812 713 796 708 779 692 767L438 487 692 225C700 217 708 204 708 187 708 171 704 154 692 142 675 129 663 125 646 125Z\"><\/path><\/svg>\t\t\t\t\t<\/div>\n\t\t\t\t\t<div class=\"elementor-swiper-button elementor-swiper-button-next\" role=\"button\" tabindex=\"0\">\n\t\t\t\t\t\t<svg aria-hidden=\"true\" class=\"e-font-icon-svg e-eicon-chevron-right\" viewBox=\"0 0 1000 1000\" xmlns=\"http:\/\/www.w3.org\/2000\/svg\"><path d=\"M696 533C708 521 713 504 713 487 713 471 708 454 696 446L400 146C388 133 375 125 354 125 338 125 325 129 313 142 300 154 292 171 292 187 292 204 296 221 308 233L563 492 304 771C292 783 288 800 288 817 288 833 296 850 308 863 321 871 338 875 354 875 371 875 388 867 400 854L696 533Z\"><\/path><\/svg>\t\t\t\t\t<\/div>\n\t\t\t\t\n\t\t\t\t\t\t\t\t\t<div class=\"swiper-pagination\"><\/div>\n\t\t\t\t\t\t\t\t\t<\/div>\n\t\t\t\t\t\t<\/div>\n\t\t\t\t<\/div>\n\t\t\t\t<\/div>\n\t\t\t\t\t<\/div>\n\t\t\t\t<\/div>\n\t\t\t\t<\/div>\n\t\t","protected":false},"excerpt":{"rendered":"<p>Nos dias 1, 2 e 3 de maio de 2025, foi realizada, na aldeia Flecheira, localizada no rio Tucum\u00e3, munic\u00edpio de Eirunep\u00e9\/AM, a I Assembleia Geral dos Povos Ind\u00edgenas da Calha do Juru\u00e1. O evento reuniu lideran\u00e7as ind\u00edgenas de diversos povos, representantes das prefeituras dos munic\u00edpios de Ipixuna, Eirunep\u00e9 al\u00e9m de institui\u00e7\u00f5es p\u00fablicas e representantes do movimento ind\u00edgena local. A Funda\u00e7\u00e3o Nacional dos Povos Ind\u00edgenas (FUNAI) esteve presente por meio do servidor Alfredo Hon\u00f3rio da Silva Neto, al\u00e9m da lideran\u00e7a ind\u00edgena Marlene Kulina, atual presidente da Organiza\u00e7\u00e3o dos Povos Ind\u00edgenas do Juru\u00e1 (OPIJU). O encontro contou ainda com participa\u00e7\u00e3o das lideran\u00e7as ind\u00edgenas de 4 Munic\u00edpios calha do Juru\u00e1. A Prefeita de Ipixuna, Paula Augusta, enviou uma delega\u00e7\u00e3o oficial para representar o munic\u00edpio. A comitiva foi composta por todas as lideran\u00e7as ind\u00edgenas e caciques das aldeias de Ipixuna, incluindo a vereadora ind\u00edgena Neca Kulina e o Secret\u00e1rio Municipal de Meio Ambiente, Bonfim Almeida. Segundo o secret\u00e1rio Bonfim Almeida, os principais temas debatidos durante os tr\u00eas dias de assembleia foram: melhorias na sa\u00fade ind\u00edgena, avan\u00e7os na educa\u00e7\u00e3o diferenciada e a\u00e7\u00f5es voltadas \u00e0 prote\u00e7\u00e3o territorial, com destaque para as den\u00fancias de invas\u00f5es em terras ind\u00edgenas sob responsabilidade da Funai. Outro ponto relevante da assembleia foi a demanda, por parte de todos os caciques presentes, pela realiza\u00e7\u00e3o de novas elei\u00e7\u00f5es para a diretoria da OPIJU. Ap\u00f3s intensos debates e articula\u00e7\u00f5es entre os munic\u00edpios e as lideran\u00e7as ind\u00edgenas, decidiu-se pela manuten\u00e7\u00e3o da atual presidente, senhora Marlene Kulina, e pela renova\u00e7\u00e3o parcial da diretoria da organiza\u00e7\u00e3o. Prefeitura municipal de Ipixuna &#8211; O trabalho continua!<\/p>\n","protected":false},"author":1,"featured_media":3653,"comment_status":"closed","ping_status":"open","sticky":false,"template":"","format":"standard","meta":{"footnotes":""},"categories":[65],"tags":[],"class_list":["post-3635","post","type-post","status-publish","format-standard","has-post-thumbnail","hentry","category-ultimas-noticias","entry"],"_links":{"self":[{"href":"https:\/\/ipixuna.am.gov.br\/wp-json\/wp\/v2\/posts\/3635","targetHints":{"allow":["GET"]}}],"collection":[{"href":"https:\/\/ipixuna.am.gov.br\/wp-json\/wp\/v2\/posts"}],"about":[{"href":"https:\/\/ipixuna.am.gov.br\/wp-json\/wp\/v2\/types\/post"}],"author":[{"embeddable":true,"href":"https:\/\/ipixuna.am.gov.br\/wp-json\/wp\/v2\/users\/1"}],"replies":[{"embeddable":true,"href":"https:\/\/ipixuna.am.gov.br\/wp-json\/wp\/v2\/comments?post=3635"}],"version-history":[{"count":4,"href":"https:\/\/ipixuna.am.gov.br\/wp-json\/wp\/v2\/posts\/3635\/revisions"}],"predecessor-version":[{"id":3659,"href":"https:\/\/ipixuna.am.gov.br\/wp-json\/wp\/v2\/posts\/3635\/revisions\/3659"}],"wp:featuredmedia":[{"embeddable":true,"href":"https:\/\/ipixuna.am.gov.br\/wp-json\/wp\/v2\/media\/3653"}],"wp:attachment":[{"href":"https:\/\/ipixuna.am.gov.br\/wp-json\/wp\/v2\/media?parent=3635"}],"wp:term":[{"taxonomy":"category","embeddable":true,"href":"https:\/\/ipixuna.am.gov.br\/wp-json\/wp\/v2\/categories?post=3635"},{"taxonomy":"post_tag","embeddable":true,"href":"https:\/\/ipixuna.am.gov.br\/wp-json\/wp\/v2\/tags?post=3635"}],"curies":[{"name":"wp","href":"https:\/\/api.w.org\/{rel}","templated":true}]}}