{"id":2641,"date":"2025-05-01T19:39:14","date_gmt":"2025-05-01T19:39:14","guid":{"rendered":"https:\/\/dominio.ipixuna.am.gov.br\/?p=2641"},"modified":"2025-05-20T16:33:54","modified_gmt":"2025-05-20T16:33:54","slug":"escola-iracy-de-lima-barroso-celebra-a-pascoa-com-momento-reflexivo","status":"publish","type":"post","link":"https:\/\/ipixuna.am.gov.br\/2025\/05\/01\/escola-iracy-de-lima-barroso-celebra-a-pascoa-com-momento-reflexivo\/","title":{"rendered":"Escola Iracy de Lima Barroso celebra a P\u00e1scoa com momento reflexivo"},"content":{"rendered":"\t\t<div data-elementor-type=\"wp-post\" data-elementor-id=\"2641\" class=\"elementor elementor-2641\" data-elementor-post-type=\"post\">\n\t\t\t\t<div class=\"elementor-element elementor-element-69ec954 e-flex e-con-boxed wpr-particle-no wpr-jarallax-no wpr-parallax-no wpr-sticky-section-no e-con e-parent\" data-id=\"69ec954\" data-element_type=\"container\" data-e-type=\"container\">\n\t\t\t\t\t<div class=\"e-con-inner\">\n\t\t<div class=\"elementor-element elementor-element-a198075 e-con-full e-flex wpr-particle-no wpr-jarallax-no wpr-parallax-no wpr-sticky-section-no e-con e-child\" data-id=\"a198075\" data-element_type=\"container\" data-e-type=\"container\">\n\t\t\t\t<div class=\"elementor-element elementor-element-a610ebd elementor-widget elementor-widget-text-editor\" data-id=\"a610ebd\" data-element_type=\"widget\" data-e-type=\"widget\" data-widget_type=\"text-editor.default\">\n\t\t\t\t<div class=\"elementor-widget-container\">\n\t\t\t\t\t\t\t\t\t<div class=\"xdj266r x11i5rnm xat24cr x1mh8g0r x1vvkbs x126k92a\"><div dir=\"auto\">Escola Iracy de Lima Barroso celebra a P\u00e1scoa com momento reflexivo<\/div><\/div><div class=\"x11i5rnm xat24cr x1mh8g0r x1vvkbs xtlvy1s x126k92a\"><div dir=\"auto\">Na \u00faltima quarta-feira (30), a Escola Municipal Iracy de Lima Barroso promoveu uma linda celebra\u00e7\u00e3o em alus\u00e3o \u00e0 P\u00e1scoa, reunindo alunos, professores para um momento especial de f\u00e9, uni\u00e3o e reflex\u00e3o.<\/div><\/div><div class=\"x11i5rnm xat24cr x1mh8g0r x1vvkbs xtlvy1s x126k92a\"><div dir=\"auto\">O evento contou com a presen\u00e7a do Padre Clezildo e do Pastor Davi, que falaram sobre o verdadeiro significado da P\u00e1scoa, destacando valores como amor, renascimento e solidariedade. A iniciativa refor\u00e7ou a import\u00e2ncia de cultivar o respeito entre diferentes cren\u00e7as e promover a forma\u00e7\u00e3o cidad\u00e3 desde o ambiente escolar.<\/div><\/div><div class=\"x11i5rnm xat24cr x1mh8g0r x1vvkbs xtlvy1s x126k92a\"><div dir=\"auto\">A celebra\u00e7\u00e3o foi organizada pela dire\u00e7\u00e3o da escola, sob a lideran\u00e7a do diretor Cleudo Marques, com o apoio da Secretaria Municipal de Educa\u00e7\u00e3o.<\/div><\/div><div class=\"x11i5rnm xat24cr x1mh8g0r x1vvkbs xtlvy1s x126k92a\"><div dir=\"auto\">A Prefeitura de Ipixuna parabeniza todos os envolvidos pela realiza\u00e7\u00e3o desse momento marcante, que une educa\u00e7\u00e3o e espiritualidade em prol do bem comum.<\/div><\/div><div class=\"x11i5rnm xat24cr x1mh8g0r x1vvkbs xtlvy1s x126k92a\"><div dir=\"auto\"><strong>Prefeitura de Ipixuna &#8211; O trabalho continua!<\/strong><\/div><\/div>\t\t\t\t\t\t\t\t<\/div>\n\t\t\t\t<\/div>\n\t\t\t\t<\/div>\n\t\t<div class=\"elementor-element elementor-element-4364809 e-con-full e-flex wpr-particle-no wpr-jarallax-no wpr-parallax-no wpr-sticky-section-no e-con e-child\" data-id=\"4364809\" data-element_type=\"container\" data-e-type=\"container\">\n\t\t\t\t<div class=\"elementor-element elementor-element-e6e00ae elementor-arrows-position-inside elementor-pagination-position-outside elementor-widget elementor-widget-image-carousel\" data-id=\"e6e00ae\" data-element_type=\"widget\" data-e-type=\"widget\" data-settings=\"{&quot;slides_to_show&quot;:&quot;1&quot;,&quot;navigation&quot;:&quot;both&quot;,&quot;autoplay&quot;:&quot;yes&quot;,&quot;pause_on_hover&quot;:&quot;yes&quot;,&quot;pause_on_interaction&quot;:&quot;yes&quot;,&quot;autoplay_speed&quot;:5000,&quot;infinite&quot;:&quot;yes&quot;,&quot;effect&quot;:&quot;slide&quot;,&quot;speed&quot;:500}\" data-widget_type=\"image-carousel.default\">\n\t\t\t\t<div class=\"elementor-widget-container\">\n\t\t\t\t\t\t\t<div class=\"elementor-image-carousel-wrapper swiper\" role=\"region\" aria-roledescription=\"carousel\" aria-label=\"Carrossel de imagens\" dir=\"ltr\">\n\t\t\t<div class=\"elementor-image-carousel swiper-wrapper\" aria-live=\"off\">\n\t\t\t\t\t\t\t\t<div class=\"swiper-slide\" role=\"group\" aria-roledescription=\"slide\" aria-label=\"1 de 9\"><figure class=\"swiper-slide-inner\"><img decoding=\"async\" class=\"swiper-slide-image\" src=\"https:\/\/ipixuna.am.gov.br\/wp-content\/uploads\/2025\/05\/12-1.jpg\" alt=\"Escola Iracy de Lima Barroso celebra a P\u00e1scoa com momento reflexivo\" \/><\/figure><\/div><div class=\"swiper-slide\" role=\"group\" aria-roledescription=\"slide\" aria-label=\"2 de 9\"><figure class=\"swiper-slide-inner\"><img decoding=\"async\" class=\"swiper-slide-image\" src=\"https:\/\/ipixuna.am.gov.br\/wp-content\/uploads\/2025\/05\/11-2.jpg\" alt=\"Escola Iracy de Lima Barroso celebra a P\u00e1scoa com momento reflexivo\" \/><\/figure><\/div><div class=\"swiper-slide\" role=\"group\" aria-roledescription=\"slide\" aria-label=\"3 de 9\"><figure class=\"swiper-slide-inner\"><img decoding=\"async\" class=\"swiper-slide-image\" src=\"https:\/\/ipixuna.am.gov.br\/wp-content\/uploads\/2025\/05\/9-1.jpg\" alt=\"Escola Iracy de Lima Barroso celebra a P\u00e1scoa com momento reflexivo\" \/><\/figure><\/div><div class=\"swiper-slide\" role=\"group\" aria-roledescription=\"slide\" aria-label=\"4 de 9\"><figure class=\"swiper-slide-inner\"><img decoding=\"async\" class=\"swiper-slide-image\" src=\"https:\/\/ipixuna.am.gov.br\/wp-content\/uploads\/2025\/05\/8-1.jpg\" alt=\"Escola Iracy de Lima Barroso celebra a P\u00e1scoa com momento reflexivo\" \/><\/figure><\/div><div class=\"swiper-slide\" role=\"group\" aria-roledescription=\"slide\" aria-label=\"5 de 9\"><figure class=\"swiper-slide-inner\"><img decoding=\"async\" class=\"swiper-slide-image\" src=\"https:\/\/ipixuna.am.gov.br\/wp-content\/uploads\/2025\/05\/7-1.jpg\" alt=\"Escola Iracy de Lima Barroso celebra a P\u00e1scoa com momento reflexivo\" \/><\/figure><\/div><div class=\"swiper-slide\" role=\"group\" aria-roledescription=\"slide\" aria-label=\"6 de 9\"><figure class=\"swiper-slide-inner\"><img decoding=\"async\" class=\"swiper-slide-image\" src=\"https:\/\/ipixuna.am.gov.br\/wp-content\/uploads\/2025\/05\/6-2.jpg\" alt=\"Escola Iracy de Lima Barroso celebra a P\u00e1scoa com momento reflexivo\" \/><\/figure><\/div><div class=\"swiper-slide\" role=\"group\" aria-roledescription=\"slide\" aria-label=\"7 de 9\"><figure class=\"swiper-slide-inner\"><img decoding=\"async\" class=\"swiper-slide-image\" src=\"https:\/\/ipixuna.am.gov.br\/wp-content\/uploads\/2025\/05\/5.jpg\" alt=\"Escola Iracy de Lima Barroso celebra a P\u00e1scoa com momento reflexivo\" \/><\/figure><\/div><div class=\"swiper-slide\" role=\"group\" aria-roledescription=\"slide\" aria-label=\"8 de 9\"><figure class=\"swiper-slide-inner\"><img decoding=\"async\" class=\"swiper-slide-image\" src=\"https:\/\/ipixuna.am.gov.br\/wp-content\/uploads\/2025\/05\/sfd.jpg\" alt=\"Escola Iracy de Lima Barroso celebra a P\u00e1scoa com momento reflexivo\" \/><\/figure><\/div><div class=\"swiper-slide\" role=\"group\" aria-roledescription=\"slide\" aria-label=\"9 de 9\"><figure class=\"swiper-slide-inner\"><img decoding=\"async\" class=\"swiper-slide-image\" src=\"https:\/\/ipixuna.am.gov.br\/wp-content\/uploads\/2025\/05\/Escola-Iracy-de-Lima-Barroso-celebra-a-Pascoa-com-momento-reflexivo.jpg\" alt=\"Escola Iracy de Lima Barroso celebra a P\u00e1scoa com momento reflexivo\" \/><\/figure><\/div>\t\t\t<\/div>\n\t\t\t\t\t\t\t\t\t\t\t\t<div class=\"elementor-swiper-button elementor-swiper-button-prev\" role=\"button\" tabindex=\"0\">\n\t\t\t\t\t\t<svg aria-hidden=\"true\" class=\"e-font-icon-svg e-eicon-chevron-left\" viewBox=\"0 0 1000 1000\" xmlns=\"http:\/\/www.w3.org\/2000\/svg\"><path d=\"M646 125C629 125 613 133 604 142L308 442C296 454 292 471 292 487 292 504 296 521 308 533L604 854C617 867 629 875 646 875 663 875 679 871 692 858 704 846 713 829 713 812 713 796 708 779 692 767L438 487 692 225C700 217 708 204 708 187 708 171 704 154 692 142 675 129 663 125 646 125Z\"><\/path><\/svg>\t\t\t\t\t<\/div>\n\t\t\t\t\t<div class=\"elementor-swiper-button elementor-swiper-button-next\" role=\"button\" tabindex=\"0\">\n\t\t\t\t\t\t<svg aria-hidden=\"true\" class=\"e-font-icon-svg e-eicon-chevron-right\" viewBox=\"0 0 1000 1000\" xmlns=\"http:\/\/www.w3.org\/2000\/svg\"><path d=\"M696 533C708 521 713 504 713 487 713 471 708 454 696 446L400 146C388 133 375 125 354 125 338 125 325 129 313 142 300 154 292 171 292 187 292 204 296 221 308 233L563 492 304 771C292 783 288 800 288 817 288 833 296 850 308 863 321 871 338 875 354 875 371 875 388 867 400 854L696 533Z\"><\/path><\/svg>\t\t\t\t\t<\/div>\n\t\t\t\t\n\t\t\t\t\t\t\t\t\t<div class=\"swiper-pagination\"><\/div>\n\t\t\t\t\t\t\t\t\t<\/div>\n\t\t\t\t\t\t<\/div>\n\t\t\t\t<\/div>\n\t\t\t\t<\/div>\n\t\t\t\t\t<\/div>\n\t\t\t\t<\/div>\n\t\t\t\t<\/div>\n\t\t","protected":false},"excerpt":{"rendered":"<p>Escola Iracy de Lima Barroso celebra a P\u00e1scoa com momento reflexivoNa \u00faltima quarta-feira (30), a Escola Municipal Iracy de Lima Barroso promoveu uma linda celebra\u00e7\u00e3o em alus\u00e3o \u00e0 P\u00e1scoa, reunindo alunos, professores para um momento especial de f\u00e9, uni\u00e3o e reflex\u00e3o.O evento contou com a presen\u00e7a do Padre Clezildo e do Pastor Davi, que falaram sobre o verdadeiro significado da P\u00e1scoa, destacando valores como amor, renascimento e solidariedade. A iniciativa refor\u00e7ou a import\u00e2ncia de cultivar o respeito entre diferentes cren\u00e7as e promover a forma\u00e7\u00e3o cidad\u00e3 desde o ambiente escolar.A celebra\u00e7\u00e3o foi organizada pela dire\u00e7\u00e3o da escola, sob a lideran\u00e7a do diretor Cleudo Marques, com o apoio da Secretaria Municipal de Educa\u00e7\u00e3o.A Prefeitura de Ipixuna parabeniza todos os envolvidos pela realiza\u00e7\u00e3o desse momento marcante, que une educa\u00e7\u00e3o e espiritualidade em prol do bem comum.Prefeitura de Ipixuna &#8211; O trabalho continua!<\/p>\n","protected":false},"author":1,"featured_media":2654,"comment_status":"closed","ping_status":"open","sticky":false,"template":"","format":"standard","meta":{"footnotes":""},"categories":[69],"tags":[],"class_list":["post-2641","post","type-post","status-publish","format-standard","has-post-thumbnail","hentry","category-educacao","entry"],"_links":{"self":[{"href":"https:\/\/ipixuna.am.gov.br\/wp-json\/wp\/v2\/posts\/2641","targetHints":{"allow":["GET"]}}],"collection":[{"href":"https:\/\/ipixuna.am.gov.br\/wp-json\/wp\/v2\/posts"}],"about":[{"href":"https:\/\/ipixuna.am.gov.br\/wp-json\/wp\/v2\/types\/post"}],"author":[{"embeddable":true,"href":"https:\/\/ipixuna.am.gov.br\/wp-json\/wp\/v2\/users\/1"}],"replies":[{"embeddable":true,"href":"https:\/\/ipixuna.am.gov.br\/wp-json\/wp\/v2\/comments?post=2641"}],"version-history":[{"count":4,"href":"https:\/\/ipixuna.am.gov.br\/wp-json\/wp\/v2\/posts\/2641\/revisions"}],"predecessor-version":[{"id":2657,"href":"https:\/\/ipixuna.am.gov.br\/wp-json\/wp\/v2\/posts\/2641\/revisions\/2657"}],"wp:featuredmedia":[{"embeddable":true,"href":"https:\/\/ipixuna.am.gov.br\/wp-json\/wp\/v2\/media\/2654"}],"wp:attachment":[{"href":"https:\/\/ipixuna.am.gov.br\/wp-json\/wp\/v2\/media?parent=2641"}],"wp:term":[{"taxonomy":"category","embeddable":true,"href":"https:\/\/ipixuna.am.gov.br\/wp-json\/wp\/v2\/categories?post=2641"},{"taxonomy":"post_tag","embeddable":true,"href":"https:\/\/ipixuna.am.gov.br\/wp-json\/wp\/v2\/tags?post=2641"}],"curies":[{"name":"wp","href":"https:\/\/api.w.org\/{rel}","templated":true}]}}