{"id":2578,"date":"2025-04-28T19:00:38","date_gmt":"2025-04-28T19:00:38","guid":{"rendered":"https:\/\/dominio.ipixuna.am.gov.br\/?p=2578"},"modified":"2025-05-20T16:33:12","modified_gmt":"2025-05-20T16:33:12","slug":"prefeita-paula-augusta-reune-com-reitoria-da-uea-para-tratar-de-novos-cursos-para-ipixuna","status":"publish","type":"post","link":"https:\/\/ipixuna.am.gov.br\/2025\/04\/28\/prefeita-paula-augusta-reune-com-reitoria-da-uea-para-tratar-de-novos-cursos-para-ipixuna\/","title":{"rendered":"Prefeita Paula Augusta re\u00fane com Reitoria da UEA para tratar de novos cursos para Ipixuna"},"content":{"rendered":"\t\t<div data-elementor-type=\"wp-post\" data-elementor-id=\"2578\" class=\"elementor elementor-2578\" data-elementor-post-type=\"post\">\n\t\t\t\t<div class=\"elementor-element elementor-element-b9b2276 e-flex e-con-boxed wpr-particle-no wpr-jarallax-no wpr-parallax-no wpr-sticky-section-no e-con e-parent\" data-id=\"b9b2276\" data-element_type=\"container\" data-e-type=\"container\">\n\t\t\t\t\t<div class=\"e-con-inner\">\n\t\t<div class=\"elementor-element elementor-element-260ec41 e-con-full e-flex wpr-particle-no wpr-jarallax-no wpr-parallax-no wpr-sticky-section-no e-con e-child\" data-id=\"260ec41\" data-element_type=\"container\" data-e-type=\"container\">\n\t\t\t\t<div class=\"elementor-element elementor-element-b655761 elementor-widget elementor-widget-text-editor\" data-id=\"b655761\" data-element_type=\"widget\" data-e-type=\"widget\" data-widget_type=\"text-editor.default\">\n\t\t\t\t<div class=\"elementor-widget-container\">\n\t\t\t\t\t\t\t\t\t<div class=\"x11i5rnm xat24cr x1mh8g0r x1vvkbs xtlvy1s x126k92a\"><div dir=\"auto\">Nesta segunda-feira (28), a prefeita de Ipixuna, Paula Augusta, e o subsecret\u00e1rio de Governo, Elivon Bezerra, estiveram em Manaus em uma importante agenda institucional com o reitor da Universidade do Estado do Amazonas (UEA), Andr\u00e9 Zogahib, o pr\u00f3-reitor Valber Martins e o coronel Bonates.<\/div><\/div><div class=\"x11i5rnm xat24cr x1mh8g0r x1vvkbs xtlvy1s x126k92a\"><div dir=\"auto\">O principal objetivo da reuni\u00e3o foi apresentar a demanda do munic\u00edpio de Ipixuna pela cria\u00e7\u00e3o de novos cursos de n\u00edvel superior no polo da UEA, visando sua inclus\u00e3o no edital de vestibular que ser\u00e1 lan\u00e7ado ainda este ano.<\/div><\/div><div class=\"x11i5rnm xat24cr x1mh8g0r x1vvkbs xtlvy1s x126k92a\"><div dir=\"auto\">Durante o encontro, a prefeita destacou a import\u00e2ncia da amplia\u00e7\u00e3o da oferta de cursos como forma de fortalecer o desenvolvimento social e econ\u00f4mico da regi\u00e3o. \u201cViemos refor\u00e7ar a necessidade de mais oportunidades para nossos jovens, garantindo a forma\u00e7\u00e3o profissional sem que precisem se deslocar para longe de suas fam\u00edlias\u201d, declarou Paula Augusta.<\/div><\/div><div class=\"x11i5rnm xat24cr x1mh8g0r x1vvkbs xtlvy1s x126k92a\"><div dir=\"auto\">Os representantes da UEA receberam a solicita\u00e7\u00e3o com aten\u00e7\u00e3o e demonstraram interesse em atender \u00e0 demanda, considerando o papel estrat\u00e9gico da educa\u00e7\u00e3o superior no interior do Amazonas.<\/div><\/div><div class=\"x11i5rnm xat24cr x1mh8g0r x1vvkbs xtlvy1s x126k92a\"><div dir=\"auto\">A visita refor\u00e7a o compromisso da gest\u00e3o municipal em trabalhar pela melhoria da educa\u00e7\u00e3o em Ipixuna e em buscar parcerias que contribuam para o futuro da juventude local.<\/div><\/div><div class=\"x11i5rnm xat24cr x1mh8g0r x1vvkbs xtlvy1s x126k92a\"><div dir=\"auto\"><strong>Prefeitura de Ipixuna &#8211; O trabalho continua!<\/strong><\/div><\/div>\t\t\t\t\t\t\t\t<\/div>\n\t\t\t\t<\/div>\n\t\t\t\t<\/div>\n\t\t<div class=\"elementor-element elementor-element-0c9e008 e-con-full e-flex wpr-particle-no wpr-jarallax-no wpr-parallax-no wpr-sticky-section-no e-con e-child\" data-id=\"0c9e008\" data-element_type=\"container\" data-e-type=\"container\">\n\t\t\t\t<div class=\"elementor-element elementor-element-60eb740 elementor-position-top elementor-widget elementor-widget-image-box\" data-id=\"60eb740\" data-element_type=\"widget\" data-e-type=\"widget\" data-widget_type=\"image-box.default\">\n\t\t\t\t<div class=\"elementor-widget-container\">\n\t\t\t\t\t<div class=\"elementor-image-box-wrapper\"><figure class=\"elementor-image-box-img\"><img fetchpriority=\"high\" decoding=\"async\" width=\"800\" height=\"600\" src=\"https:\/\/ipixuna.am.gov.br\/wp-content\/uploads\/2025\/05\/Prefeita-Paula-Augusta-reune-com-Reitoria-da-UEA-para-tratar-de-novos-cursos-para-Ipixuna.jpg\" class=\"attachment-full size-full wp-image-2580\" alt=\"\" style=\"width:100%;height:75%;max-width:800px\" srcset=\"https:\/\/ipixuna.am.gov.br\/wp-content\/uploads\/2025\/05\/Prefeita-Paula-Augusta-reune-com-Reitoria-da-UEA-para-tratar-de-novos-cursos-para-Ipixuna.jpg 800w, https:\/\/ipixuna.am.gov.br\/wp-content\/uploads\/2025\/05\/Prefeita-Paula-Augusta-reune-com-Reitoria-da-UEA-para-tratar-de-novos-cursos-para-Ipixuna-300x225.jpg 300w, https:\/\/ipixuna.am.gov.br\/wp-content\/uploads\/2025\/05\/Prefeita-Paula-Augusta-reune-com-Reitoria-da-UEA-para-tratar-de-novos-cursos-para-Ipixuna-768x576.jpg 768w, https:\/\/ipixuna.am.gov.br\/wp-content\/uploads\/2025\/05\/Prefeita-Paula-Augusta-reune-com-Reitoria-da-UEA-para-tratar-de-novos-cursos-para-Ipixuna-205x154.jpg 205w, https:\/\/ipixuna.am.gov.br\/wp-content\/uploads\/2025\/05\/Prefeita-Paula-Augusta-reune-com-Reitoria-da-UEA-para-tratar-de-novos-cursos-para-Ipixuna-480x360.jpg 480w\" sizes=\"(max-width: 800px) 100vw, 800px\" \/><\/figure><\/div>\t\t\t\t<\/div>\n\t\t\t\t<\/div>\n\t\t\t\t<\/div>\n\t\t\t\t\t<\/div>\n\t\t\t\t<\/div>\n\t\t\t\t<\/div>\n\t\t","protected":false},"excerpt":{"rendered":"<p>Nesta segunda-feira (28), a prefeita de Ipixuna, Paula Augusta, e o subsecret\u00e1rio de Governo, Elivon Bezerra, estiveram em Manaus em uma importante agenda institucional com o reitor da Universidade do Estado do Amazonas (UEA), Andr\u00e9 Zogahib, o pr\u00f3-reitor Valber Martins e o coronel Bonates.O principal objetivo da reuni\u00e3o foi apresentar a demanda do munic\u00edpio de Ipixuna pela cria\u00e7\u00e3o de novos cursos de n\u00edvel superior no polo da UEA, visando sua inclus\u00e3o no edital de vestibular que ser\u00e1 lan\u00e7ado ainda este ano.Durante o encontro, a prefeita destacou a import\u00e2ncia da amplia\u00e7\u00e3o da oferta de cursos como forma de fortalecer o desenvolvimento social e econ\u00f4mico da regi\u00e3o. \u201cViemos refor\u00e7ar a necessidade de mais oportunidades para nossos jovens, garantindo a forma\u00e7\u00e3o profissional sem que precisem se deslocar para longe de suas fam\u00edlias\u201d, declarou Paula Augusta.Os representantes da UEA receberam a solicita\u00e7\u00e3o com aten\u00e7\u00e3o e demonstraram interesse em atender \u00e0 demanda, considerando o papel estrat\u00e9gico da educa\u00e7\u00e3o superior no interior do Amazonas.A visita refor\u00e7a o compromisso da gest\u00e3o municipal em trabalhar pela melhoria da educa\u00e7\u00e3o em Ipixuna e em buscar parcerias que contribuam para o futuro da juventude local.Prefeitura de Ipixuna &#8211; O trabalho continua!<\/p>\n","protected":false},"author":1,"featured_media":2580,"comment_status":"closed","ping_status":"open","sticky":false,"template":"","format":"standard","meta":{"footnotes":""},"categories":[65],"tags":[],"class_list":["post-2578","post","type-post","status-publish","format-standard","has-post-thumbnail","hentry","category-ultimas-noticias","entry"],"_links":{"self":[{"href":"https:\/\/ipixuna.am.gov.br\/wp-json\/wp\/v2\/posts\/2578","targetHints":{"allow":["GET"]}}],"collection":[{"href":"https:\/\/ipixuna.am.gov.br\/wp-json\/wp\/v2\/posts"}],"about":[{"href":"https:\/\/ipixuna.am.gov.br\/wp-json\/wp\/v2\/types\/post"}],"author":[{"embeddable":true,"href":"https:\/\/ipixuna.am.gov.br\/wp-json\/wp\/v2\/users\/1"}],"replies":[{"embeddable":true,"href":"https:\/\/ipixuna.am.gov.br\/wp-json\/wp\/v2\/comments?post=2578"}],"version-history":[{"count":40,"href":"https:\/\/ipixuna.am.gov.br\/wp-json\/wp\/v2\/posts\/2578\/revisions"}],"predecessor-version":[{"id":2619,"href":"https:\/\/ipixuna.am.gov.br\/wp-json\/wp\/v2\/posts\/2578\/revisions\/2619"}],"wp:featuredmedia":[{"embeddable":true,"href":"https:\/\/ipixuna.am.gov.br\/wp-json\/wp\/v2\/media\/2580"}],"wp:attachment":[{"href":"https:\/\/ipixuna.am.gov.br\/wp-json\/wp\/v2\/media?parent=2578"}],"wp:term":[{"taxonomy":"category","embeddable":true,"href":"https:\/\/ipixuna.am.gov.br\/wp-json\/wp\/v2\/categories?post=2578"},{"taxonomy":"post_tag","embeddable":true,"href":"https:\/\/ipixuna.am.gov.br\/wp-json\/wp\/v2\/tags?post=2578"}],"curies":[{"name":"wp","href":"https:\/\/api.w.org\/{rel}","templated":true}]}}