{"id":1698,"date":"2025-04-02T18:32:49","date_gmt":"2025-04-02T18:32:49","guid":{"rendered":"https:\/\/dominio.ipixuna.am.gov.br\/?p=1698"},"modified":"2025-05-20T16:30:38","modified_gmt":"2025-05-20T16:30:38","slug":"ipixuna-mobiliza-escolas-na-luta-contra-a-dengue","status":"publish","type":"post","link":"https:\/\/ipixuna.am.gov.br\/2025\/04\/02\/ipixuna-mobiliza-escolas-na-luta-contra-a-dengue\/","title":{"rendered":"Ipixuna mobiliza escolas na luta contra a dengue!"},"content":{"rendered":"\t\t<div data-elementor-type=\"wp-post\" data-elementor-id=\"1698\" class=\"elementor elementor-1698\" data-elementor-post-type=\"post\">\n\t\t\t\t<div class=\"elementor-element elementor-element-061e530 e-flex e-con-boxed wpr-particle-no wpr-jarallax-no wpr-parallax-no wpr-sticky-section-no e-con e-parent\" data-id=\"061e530\" data-element_type=\"container\" data-e-type=\"container\">\n\t\t\t\t\t<div class=\"e-con-inner\">\n\t\t<div class=\"elementor-element elementor-element-ffd726a e-con-full e-flex wpr-particle-no wpr-jarallax-no wpr-parallax-no wpr-sticky-section-no e-con e-child\" data-id=\"ffd726a\" data-element_type=\"container\" data-e-type=\"container\">\n\t\t\t\t<div class=\"elementor-element elementor-element-b28d6db elementor-widget elementor-widget-text-editor\" data-id=\"b28d6db\" data-element_type=\"widget\" data-e-type=\"widget\" data-widget_type=\"text-editor.default\">\n\t\t\t\t<div class=\"elementor-widget-container\">\n\t\t\t\t\t\t\t\t\t\n<div class=\"wp-block-group has-global-padding is-layout-constrained wp-block-group-is-layout-constrained\">\n<p>Entre os dias<strong> 13 e 31 de mar\u00e7o,<\/strong> a Prefeitura de Ipixuna, realizou a Campanha de Mobiliza\u00e7\u00e3o Nacional nas Escolas para Preven\u00e7\u00e3o das Arboviroses, dentro do Programa Sa\u00fade na Escola <strong>(PSE).<\/strong> Com o tema <strong>\u201cEscolas Livres de Dengue 2025\u201d, <\/strong>a a\u00e7\u00e3o envolveu todas as escolas municipais e estaduais da zona urbana, promovendo conscientiza\u00e7\u00e3o sobre o combate ao Aedes aegypti.<\/p>\n\n<p>A campanha foi conduzida por profissionais da sa\u00fade, educa\u00e7\u00e3o, meio ambiente, ger\u00eancia de endemias e N\u00facleo de Educa\u00e7\u00e3o em Sa\u00fade <strong>(NES).<\/strong><\/p>\n\n<p>Durante a Jornada de Palestras, estudantes e educadores participaram de atividades sobre elimina\u00e7\u00e3o de criadouros do mosquito, sinais de alerta da dengue, zika e chikungunya e a import\u00e2ncia da preven\u00e7\u00e3o cont\u00ednua. A iniciativa fortaleceu o compromisso coletivo com a sa\u00fade e o meio ambiente, incentivando a participa\u00e7\u00e3o ativa da comunidade.<\/p>\n\n<p>Embora a campanha tenha sido conclu\u00edda, a preven\u00e7\u00e3o deve continuar! Eliminar \u00e1gua parada, manter o ambiente limpo e ficar atento aos sintomas salva vidas!<\/p>\n\n<p><strong>Prefeitura de Ipixuna &#8211; O trabalho continua!<\/strong><\/p>\n<\/div>\n\n<p>\u00a0<\/p>\n\t\t\t\t\t\t\t\t<\/div>\n\t\t\t\t<\/div>\n\t\t\t\t<\/div>\n\t\t<div class=\"elementor-element elementor-element-34b1d35 e-con-full e-flex wpr-particle-no wpr-jarallax-no wpr-parallax-no wpr-sticky-section-no e-con e-child\" data-id=\"34b1d35\" data-element_type=\"container\" data-e-type=\"container\">\n\t\t<div class=\"elementor-element elementor-element-87f0c35 e-con-full e-flex wpr-particle-no wpr-jarallax-no wpr-parallax-no wpr-sticky-section-no e-con e-child\" data-id=\"87f0c35\" data-element_type=\"container\" data-e-type=\"container\">\n\t\t\t\t<div class=\"elementor-element elementor-element-29a88a1 elementor-widget elementor-widget-image\" data-id=\"29a88a1\" data-element_type=\"widget\" data-e-type=\"widget\" data-widget_type=\"image.default\">\n\t\t\t\t<div class=\"elementor-widget-container\">\n\t\t\t\t\t\t\t\t\t\t\t\t\t\t\t<img decoding=\"async\" src=\"https:\/\/ipixuna.am.gov.br\/wp-content\/uploads\/2025\/05\/02.jpg\" title=\"Ipixuna mobiliza escolas na luta contra a dengue!\" alt=\"Ipixuna mobiliza escolas na luta contra a dengue!\" loading=\"lazy\" \/>\t\t\t\t\t\t\t\t\t\t\t\t\t\t\t<\/div>\n\t\t\t\t<\/div>\n\t\t\t\t<\/div>\n\t\t<div class=\"elementor-element elementor-element-e3acdcd e-con-full e-flex wpr-particle-no wpr-jarallax-no wpr-parallax-no wpr-sticky-section-no e-con e-child\" data-id=\"e3acdcd\" data-element_type=\"container\" data-e-type=\"container\">\n\t\t\t\t<div class=\"elementor-element elementor-element-55f0dee elementor-pagination-position-outside elementor-widget elementor-widget-image-carousel\" data-id=\"55f0dee\" data-element_type=\"widget\" data-e-type=\"widget\" data-settings=\"{&quot;slides_to_show&quot;:&quot;1&quot;,&quot;navigation&quot;:&quot;dots&quot;,&quot;autoplay&quot;:&quot;yes&quot;,&quot;pause_on_hover&quot;:&quot;yes&quot;,&quot;pause_on_interaction&quot;:&quot;yes&quot;,&quot;autoplay_speed&quot;:5000,&quot;infinite&quot;:&quot;yes&quot;,&quot;effect&quot;:&quot;slide&quot;,&quot;speed&quot;:500}\" data-widget_type=\"image-carousel.default\">\n\t\t\t\t<div class=\"elementor-widget-container\">\n\t\t\t\t\t\t\t<div class=\"elementor-image-carousel-wrapper swiper\" role=\"region\" aria-roledescription=\"carousel\" aria-label=\"Carrossel de imagens\" dir=\"ltr\">\n\t\t\t<div class=\"elementor-image-carousel swiper-wrapper\" aria-live=\"off\">\n\t\t\t\t\t\t\t\t<div class=\"swiper-slide\" role=\"group\" aria-roledescription=\"slide\" aria-label=\"1 de 12\"><figure class=\"swiper-slide-inner\"><img decoding=\"async\" class=\"swiper-slide-image\" src=\"https:\/\/ipixuna.am.gov.br\/wp-content\/uploads\/2025\/05\/02.jpg\" alt=\"Ipixuna mobiliza escolas na luta contra a dengue!\" \/><figcaption class=\"elementor-image-carousel-caption\">Ipixuna mobiliza escolas na luta contra a dengue!<\/figcaption><\/figure><\/div><div class=\"swiper-slide\" role=\"group\" aria-roledescription=\"slide\" aria-label=\"2 de 12\"><figure class=\"swiper-slide-inner\"><img decoding=\"async\" class=\"swiper-slide-image\" src=\"https:\/\/ipixuna.am.gov.br\/wp-content\/uploads\/2025\/05\/14.jpg\" alt=\"Ipixuna mobiliza escolas na luta contra a dengue!\" \/><figcaption class=\"elementor-image-carousel-caption\">Ipixuna mobiliza escolas na luta contra a dengue!<\/figcaption><\/figure><\/div><div class=\"swiper-slide\" role=\"group\" aria-roledescription=\"slide\" aria-label=\"3 de 12\"><figure class=\"swiper-slide-inner\"><img decoding=\"async\" class=\"swiper-slide-image\" src=\"https:\/\/ipixuna.am.gov.br\/wp-content\/uploads\/2025\/05\/13.jpg\" alt=\"Ipixuna mobiliza escolas na luta contra a dengue!\" \/><figcaption class=\"elementor-image-carousel-caption\">Ipixuna mobiliza escolas na luta contra a dengue!<\/figcaption><\/figure><\/div><div class=\"swiper-slide\" role=\"group\" aria-roledescription=\"slide\" aria-label=\"4 de 12\"><figure class=\"swiper-slide-inner\"><img decoding=\"async\" class=\"swiper-slide-image\" src=\"https:\/\/ipixuna.am.gov.br\/wp-content\/uploads\/2025\/05\/12.jpg\" alt=\"Ipixuna mobiliza escolas na luta contra a dengue!\" \/><figcaption class=\"elementor-image-carousel-caption\">Ipixuna mobiliza escolas na luta contra a dengue!<\/figcaption><\/figure><\/div><div class=\"swiper-slide\" role=\"group\" aria-roledescription=\"slide\" aria-label=\"5 de 12\"><figure class=\"swiper-slide-inner\"><img decoding=\"async\" class=\"swiper-slide-image\" src=\"https:\/\/ipixuna.am.gov.br\/wp-content\/uploads\/2025\/05\/10.jpg\" alt=\"Ipixuna mobiliza escolas na luta contra a dengue!\" \/><figcaption class=\"elementor-image-carousel-caption\">Ipixuna mobiliza escolas na luta contra a dengue!<\/figcaption><\/figure><\/div><div class=\"swiper-slide\" role=\"group\" aria-roledescription=\"slide\" aria-label=\"6 de 12\"><figure class=\"swiper-slide-inner\"><img decoding=\"async\" class=\"swiper-slide-image\" src=\"https:\/\/ipixuna.am.gov.br\/wp-content\/uploads\/2025\/05\/11.jpg\" alt=\"Ipixuna mobiliza escolas na luta contra a dengue!\" \/><figcaption class=\"elementor-image-carousel-caption\">Ipixuna mobiliza escolas na luta contra a dengue!<\/figcaption><\/figure><\/div><div class=\"swiper-slide\" role=\"group\" aria-roledescription=\"slide\" aria-label=\"7 de 12\"><figure class=\"swiper-slide-inner\"><img decoding=\"async\" class=\"swiper-slide-image\" src=\"https:\/\/ipixuna.am.gov.br\/wp-content\/uploads\/2025\/05\/06-1.jpg\" alt=\"Ipixuna mobiliza escolas na luta contra a dengue!\" \/><figcaption class=\"elementor-image-carousel-caption\">Ipixuna mobiliza escolas na luta contra a dengue!<\/figcaption><\/figure><\/div><div class=\"swiper-slide\" role=\"group\" aria-roledescription=\"slide\" aria-label=\"8 de 12\"><figure class=\"swiper-slide-inner\"><img decoding=\"async\" class=\"swiper-slide-image\" src=\"https:\/\/ipixuna.am.gov.br\/wp-content\/uploads\/2025\/05\/09.jpg\" alt=\"Ipixuna mobiliza escolas na luta contra a dengue!\" \/><figcaption class=\"elementor-image-carousel-caption\">Ipixuna mobiliza escolas na luta contra a dengue!<\/figcaption><\/figure><\/div><div class=\"swiper-slide\" role=\"group\" aria-roledescription=\"slide\" aria-label=\"9 de 12\"><figure class=\"swiper-slide-inner\"><img decoding=\"async\" class=\"swiper-slide-image\" src=\"https:\/\/ipixuna.am.gov.br\/wp-content\/uploads\/2025\/05\/08.jpg\" alt=\"Ipixuna mobiliza escolas na luta contra a dengue!\" \/><figcaption class=\"elementor-image-carousel-caption\">Ipixuna mobiliza escolas na luta contra a dengue!<\/figcaption><\/figure><\/div><div class=\"swiper-slide\" role=\"group\" aria-roledescription=\"slide\" aria-label=\"10 de 12\"><figure class=\"swiper-slide-inner\"><img decoding=\"async\" class=\"swiper-slide-image\" src=\"https:\/\/ipixuna.am.gov.br\/wp-content\/uploads\/2025\/05\/04.jpg\" alt=\"Ipixuna mobiliza escolas na luta contra a dengue!\" \/><figcaption class=\"elementor-image-carousel-caption\">Ipixuna mobiliza escolas na luta contra a dengue!<\/figcaption><\/figure><\/div><div class=\"swiper-slide\" role=\"group\" aria-roledescription=\"slide\" aria-label=\"11 de 12\"><figure class=\"swiper-slide-inner\"><img decoding=\"async\" class=\"swiper-slide-image\" src=\"https:\/\/ipixuna.am.gov.br\/wp-content\/uploads\/2025\/05\/05.jpg\" alt=\"Ipixuna mobiliza escolas na luta contra a dengue!\" \/><figcaption class=\"elementor-image-carousel-caption\">Ipixuna mobiliza escolas na luta contra a dengue!<\/figcaption><\/figure><\/div><div class=\"swiper-slide\" role=\"group\" aria-roledescription=\"slide\" aria-label=\"12 de 12\"><figure class=\"swiper-slide-inner\"><img decoding=\"async\" class=\"swiper-slide-image\" src=\"https:\/\/ipixuna.am.gov.br\/wp-content\/uploads\/2025\/05\/07.jpg\" alt=\"Ipixuna mobiliza escolas na luta contra a dengue!\" \/><figcaption class=\"elementor-image-carousel-caption\">Ipixuna mobiliza escolas na luta contra a dengue!<\/figcaption><\/figure><\/div>\t\t\t<\/div>\n\t\t\t\t\t\t\t\n\t\t\t\t\t\t\t\t\t<div class=\"swiper-pagination\"><\/div>\n\t\t\t\t\t\t\t\t\t<\/div>\n\t\t\t\t\t\t<\/div>\n\t\t\t\t<\/div>\n\t\t\t\t<\/div>\n\t\t\t\t<\/div>\n\t\t\t\t\t<\/div>\n\t\t\t\t<\/div>\n\t\t<div class=\"elementor-element elementor-element-b8088fc e-flex e-con-boxed wpr-particle-no wpr-jarallax-no wpr-parallax-no wpr-sticky-section-no e-con e-parent\" data-id=\"b8088fc\" data-element_type=\"container\" data-e-type=\"container\">\n\t\t\t\t\t<div class=\"e-con-inner\">\n\t\t\t\t\t<\/div>\n\t\t\t\t<\/div>\n\t\t\t\t<\/div>\n\t\t","protected":false},"excerpt":{"rendered":"<p>Entre os dias 13 e 31 de mar\u00e7o, a Prefeitura de Ipixuna, realizou a Campanha de Mobiliza\u00e7\u00e3o Nacional nas Escolas para Preven\u00e7\u00e3o das Arboviroses, dentro do Programa Sa\u00fade na Escola (PSE). Com o tema \u201cEscolas Livres de Dengue 2025\u201d, a a\u00e7\u00e3o envolveu todas as escolas municipais e estaduais da zona urbana, promovendo conscientiza\u00e7\u00e3o sobre o combate ao Aedes aegypti. A campanha foi conduzida por profissionais da sa\u00fade, educa\u00e7\u00e3o, meio ambiente, ger\u00eancia de endemias e N\u00facleo de Educa\u00e7\u00e3o em Sa\u00fade (NES). Durante a Jornada de Palestras, estudantes e educadores participaram de atividades sobre elimina\u00e7\u00e3o de criadouros do mosquito, sinais de alerta da dengue, zika e chikungunya e a import\u00e2ncia da preven\u00e7\u00e3o cont\u00ednua. A iniciativa fortaleceu o compromisso coletivo com a sa\u00fade e o meio ambiente, incentivando a participa\u00e7\u00e3o ativa da comunidade. Embora a campanha tenha sido conclu\u00edda, a preven\u00e7\u00e3o deve continuar! Eliminar \u00e1gua parada, manter o ambiente limpo e ficar atento aos sintomas salva vidas! Prefeitura de Ipixuna &#8211; O trabalho continua! \u00a0 Ipixuna mobiliza escolas na luta contra a dengue! Ipixuna mobiliza escolas na luta contra a dengue! Ipixuna mobiliza escolas na luta contra a dengue! Ipixuna mobiliza escolas na luta contra a dengue! Ipixuna mobiliza escolas na luta contra a dengue! Ipixuna mobiliza escolas na luta contra a dengue! Ipixuna mobiliza escolas na luta contra a dengue! Ipixuna mobiliza escolas na luta contra a dengue! Ipixuna mobiliza escolas na luta contra a dengue! Ipixuna mobiliza escolas na luta contra a dengue! Ipixuna mobiliza escolas na luta contra a dengue! Ipixuna mobiliza escolas na luta contra a dengue!<\/p>\n","protected":false},"author":1,"featured_media":1725,"comment_status":"closed","ping_status":"open","sticky":false,"template":"","format":"standard","meta":{"footnotes":""},"categories":[66],"tags":[],"class_list":["post-1698","post","type-post","status-publish","format-standard","has-post-thumbnail","hentry","category-saude","entry"],"_links":{"self":[{"href":"https:\/\/ipixuna.am.gov.br\/wp-json\/wp\/v2\/posts\/1698","targetHints":{"allow":["GET"]}}],"collection":[{"href":"https:\/\/ipixuna.am.gov.br\/wp-json\/wp\/v2\/posts"}],"about":[{"href":"https:\/\/ipixuna.am.gov.br\/wp-json\/wp\/v2\/types\/post"}],"author":[{"embeddable":true,"href":"https:\/\/ipixuna.am.gov.br\/wp-json\/wp\/v2\/users\/1"}],"replies":[{"embeddable":true,"href":"https:\/\/ipixuna.am.gov.br\/wp-json\/wp\/v2\/comments?post=1698"}],"version-history":[{"count":21,"href":"https:\/\/ipixuna.am.gov.br\/wp-json\/wp\/v2\/posts\/1698\/revisions"}],"predecessor-version":[{"id":1874,"href":"https:\/\/ipixuna.am.gov.br\/wp-json\/wp\/v2\/posts\/1698\/revisions\/1874"}],"wp:featuredmedia":[{"embeddable":true,"href":"https:\/\/ipixuna.am.gov.br\/wp-json\/wp\/v2\/media\/1725"}],"wp:attachment":[{"href":"https:\/\/ipixuna.am.gov.br\/wp-json\/wp\/v2\/media?parent=1698"}],"wp:term":[{"taxonomy":"category","embeddable":true,"href":"https:\/\/ipixuna.am.gov.br\/wp-json\/wp\/v2\/categories?post=1698"},{"taxonomy":"post_tag","embeddable":true,"href":"https:\/\/ipixuna.am.gov.br\/wp-json\/wp\/v2\/tags?post=1698"}],"curies":[{"name":"wp","href":"https:\/\/api.w.org\/{rel}","templated":true}]}}